{"id":1035,"date":"2020-02-18T18:50:07","date_gmt":"2020-02-18T16:50:07","guid":{"rendered":"https:\/\/www.lozt.fr\/?p=1035"},"modified":"2020-09-12T15:47:51","modified_gmt":"2020-09-12T13:47:51","slug":"carnet-de-notes-1-sur-le-bilan-de-lintelligence-de-paul-valery","status":"publish","type":"post","link":"https:\/\/www.lozt.fr\/index.php\/2020\/02\/18\/carnet-de-notes-1-sur-le-bilan-de-lintelligence-de-paul-valery\/","title":{"rendered":"Carnet de notes 1 : sur Le bilan de l&rsquo;intelligence, de Paul Val\u00e9ry."},"content":{"rendered":"\n<p>(<em>Conf\u00e9rence prononc\u00e9e le 16 janvier 1935 &#8211; et dont les r\u00e9sonances  aujourd&rsquo;hui ne cessent pas d&rsquo;\u00eatre troublantes : comme si les rapports aux nouveaut\u00e9s technologiques nous brusquaient toujours de la m\u00eame fa\u00e7on, comme si, dans la violence de leur rapidit\u00e9 \u00e9tincelait le vertige d&rsquo;une perte de sens) <\/em><\/p>\n\n\n\n<p>\u00ab\u00a0&#8230; je vous disais en substance qu\u2019un d\u00e9sordre dont on ne pouvait imaginer le terme s\u2019observe \u00e0 pr\u00e9sent dans tous les domaines. Nous le trouvons autour de nous comme en nous-m\u00eames, dans nos journ\u00e9es, dans notre allure, dans les journaux, dans nos plaisirs, jusque dans notre savoir. L\u2019interruption, l\u2019incoh\u00e9rence, la surprise sont des conditions ordinaires de nos vies. Elles sont m\u00eame devenues de v\u00e9ritables besoins chez beaucoup d\u2019individus dont l\u2019esprit, en quelque sorte, ne se nourrit plus que de variations brusques et d\u2019excitations toujours renouvel\u00e9es. Les mots \u00ab&nbsp;sensationnel&nbsp;\u00bb, \u00ab&nbsp;impressionnant&nbsp;\u00bb, qu\u2019on emploie couramment aujourd\u2019hui sont des mots qui peignent une \u00e9poque. <strong>Nous ne supportons plus la dur\u00e9e.<\/strong> (\u2026) <strong>Nous ne regardons plus le pass\u00e9 comme un fils regarde son p\u00e8re, duquel il peut apprendre quelque chose, mais comme un homme fait regarde un enfant. (<\/strong>&#8230;)<\/p>\n\n\n\n<p>En somme, nous avons le privil\u00e8ge, ou le malheur tr\u00e8s int\u00e9ressant, d\u2019assister \u00e0 une transformation profonde, rapide, irr\u00e9sistible de toutes les conditions de l\u2019action humaine. (\u2026) je vous dirai que l\u2019on pouvait encore, il y a trente ans, <strong>examiner les choses de ce monde <em>sous un aspect historique<\/em><\/strong>, c\u2019est \u00e0 dire qu\u2019<strong>il \u00e9tait alors dans l\u2019esprit de tous de chercher, dans le pr\u00e9sent d\u2019alors, la suite et le d\u00e9veloppement assez intelligibles des \u00e9v\u00e9nements qui s\u2019\u00e9taient produits dans le pass\u00e9<\/strong>. La continuit\u00e9 r\u00e9gnait dans les esprits. On trouvait, sans grande difficult\u00e9, des mod\u00e8les, des exemples, des pr\u00e9c\u00e9dents, des causes\u2026 (\u2026) Mais, pendant les trente ou quarante ans que nous venons de vivre, trop de nouveaut\u00e9s se sont introduites, dans tous les domaines. (\u2026) <em>L\u2019homme se trouve assailli par une quantit\u00e9 de questions auxquelles aucun homme, jusque ici, n\u2019avait song\u00e9<\/em>, philosophe ou non, savant ou non ; <strong>tout le monde est comme surpris. <em>Tout homme appartient \u00e0 deux \u00e8res<\/em>.<\/strong><\/p>\n\n\n\n<p>(\u2026) De l\u00e0, cette impression g\u00e9n\u00e9rale d\u2019impuissance (\u2026) D\u2019un c\u00f4t\u00e9, un pass\u00e9 qui n\u2019est pas aboli ni oubli\u00e9, mais un pass\u00e9 duquel nous ne pouvons \u00e0 peu pr\u00e8s rien tirer qui nous oriente dans le pr\u00e9sent et nous donne \u00e0 imaginer le futur. De l\u2019autre un avenir sans la moindre figure. <strong>Nous sommes, chaque jour, \u00e0 la merci d\u2019une invention, d\u2019un accident, mat\u00e9riel ou intellectuel.<\/strong> (\u2026) <\/p>\n\n\n\n<p><strong>On peut dire que tout ce que nous savons, c\u2019est \u00e0 dire tout ce que nous pouvons, a fini par s\u2019opposer \u00e0 ce que nous sommes<\/strong> (\u2026) <strong>L\u2019homme moderne s\u2019enivre de dissipation. Abus de vitesse, abus de lumi\u00e8res, abus de toniques, de stup\u00e9fiants, d\u2019excitants\u2026 Abus de fr\u00e9quence dans les impressions ; abus de diversit\u00e9 ; abus de r\u00e9sonance ; abus de merveilles\u2026<\/strong> [A la raret\u00e9 de la lumi\u00e8re d\u2019hier] l\u2019oeil aujourd\u2019hui r\u00e9clame vingt, cinquante, cent bougies\u2026 (\u2026) les \u00e9v\u00e9nements eux-m\u00eames sont r\u00e9clam\u00e9s comme une nourriture jamais assez relev\u00e9e. S\u2019il n\u2019y a point, le matin, quelque grand malheur dans le monde, nous sentons un certain vide (\u2026) Les journ\u00e9es de travail sont mesur\u00e9es et ses heures compt\u00e9es par la loi. Mais je dis que le loisir int\u00e9rieur, qui est tout autre chose que le loisir chronom\u00e9trique, se perd. Nous perdons cette paix essentielle des profondeurs de l\u2019\u00eatre, cette absence sans prix, pendant laquelle les \u00e9l\u00e9ments les plus d\u00e9licats de la vie se rafraichissent et se r\u00e9confortent (\u2026) Voyez en vous et autour de vous ! Les progr\u00e8s de l\u2019insomnie&nbsp; sont remarquables\u2026. (\u2026)&nbsp; <\/p>\n\n\n\n<p>Il n\u2019y avait pas de minutes ni de secondes pour les anciens. (\u2026) <strong>le 20e de seconde lui-m\u00eame commence \u00e0 n\u2019\u00eatre plus n\u00e9gligeable dans certains domaines de la pratique<\/strong>. (\u2026) <strong>Une des marques de la d\u00e9faillance de caract\u00e8re de notre temps est de subordonner l\u2019action au contr\u00f4le de l\u2019action <\/strong>et de placer la d\u00e9fiance et la d\u00e9lib\u00e9ration un peu partout.&nbsp; (\u2026) <\/p>\n\n\n\n<p><strong>Nous poss\u00e9dons en nous toute une r\u00e9serve de formules, de d\u00e9nominations, de locutions toutes pr\u00eates, qui sont de pure imitation, qui nous d\u00e9livrent du soin de penser<\/strong>, et que nous avons tendance \u00e0 prendre pour des solutions valables et appropri\u00e9es. Nous r\u00e9pondrons le plus souvent \u00e0 ce qui nous frappe <strong>par des paroles dont nous ne sommes pas les v\u00e9ritables auteurs<\/strong>. (\u2026) <strong>Quant aux livres, on n\u2019en a jamais tant publi\u00e9. On n\u2019a jamais tant lu, ou plut\u00f4t tant parcouru\u2026 Le langage s\u2019use en nous.<\/strong> (\u2026) D\u2019ailleurs, la quantit\u00e9 des publications (\u2026) le flux des choses qui s\u2019impriment ou se diffusent (\u2026) emportent du matin au soir les jugements et les impressions\u2026. <strong>o\u00f9 rien ne dure, rien ne domine , et nous \u00e9prouvons l\u2019\u00e9trange impression de la monotonie de la nouveaut\u00e9<\/strong>, et de l\u2019ennui des merveilles et des extr\u00eames.\u00a0\u00bb<\/p>\n\n\n\n<p> Et Paul Val\u00e9ry, de conclure (je le rappelle, en 1935) : (il faut) \u00ab\u00a0concevoir des craintes s\u00e9rieuses sur les destins de l\u2019intelligence telle que nous la concevions jusqu\u2019ici : <strong>l\u2019individu, c\u2019est la libert\u00e9 de l\u2019esprit.<\/strong> Il nous faut une hygi\u00e8ne sportive de la pratique intellectuelle.]<\/p>\n","protected":false},"excerpt":{"rendered":"<p>(Conf\u00e9rence prononc\u00e9e le 16 janvier 1935 &#8211; et dont les r\u00e9sonances aujourd&rsquo;hui ne cessent pas d&rsquo;\u00eatre troublantes : comme si les rapports aux nouveaut\u00e9s technologiques nous brusquaient toujours de la m\u00eame fa\u00e7on, comme si, dans la violence de leur rapidit\u00e9 \u00e9tincelait le vertige d&rsquo;une perte de sens) \u00ab\u00a0&#8230; je vous disais en substance qu\u2019un d\u00e9sordre [&hellip;]<\/p>\n","protected":false},"author":1,"featured_media":1118,"comment_status":"closed","ping_status":"closed","sticky":false,"template":"","format":"standard","meta":{"jetpack_post_was_ever_published":false,"_jetpack_newsletter_access":"","_jetpack_dont_email_post_to_subs":false,"_jetpack_newsletter_tier_id":0,"_jetpack_memberships_contains_paywalled_content":false,"_jetpack_memberships_contains_paid_content":false,"footnotes":""},"categories":[8],"tags":[],"class_list":{"0":"post-1035","1":"post","2":"type-post","3":"status-publish","4":"format-standard","5":"has-post-thumbnail","6":"hentry","7":"category-voyages-ordinaires-extraits","9":"fallback-thumbnail"},"jetpack_featured_media_url":"https:\/\/i0.wp.com\/www.lozt.fr\/wp-content\/uploads\/2020\/09\/IMG_7510-scaled.jpeg?fit=2455%2C2560&ssl=1","jetpack_sharing_enabled":true,"jetpack_shortlink":"https:\/\/wp.me\/p7KBXa-gH","jetpack-related-posts":[{"id":1690,"url":"https:\/\/www.lozt.fr\/index.php\/2024\/05\/01\/les-voyages-ordinaires-tome-3-extrait-1\/","url_meta":{"origin":1035,"position":0},"title":"Les Voyages ordinaires, Tome 3 (Extrait 1)","author":"Fran\u00e7ois Lozet","date":"1 mai 2024","format":false,"excerpt":"En attendant la sortie du tome 2 cet automne des Voyages ordinaires, le tome 3 s'est \u00e9crit. Combien de temps encore avant qu'il sorte ? Je ne sais pas. Mais l'\u00e9criture est quotidienne. Tout continue. \"Ici, nous sommes chez Jules Verne.\u00a020 000 lieues sous les mers.\u00a0\u00a0Ned Land, le professeur Arronax\u2026","rel":"","context":"Dans &quot;Voyages ordinaires, extraits&quot;","block_context":{"text":"Voyages ordinaires, extraits","link":"https:\/\/www.lozt.fr\/index.php\/category\/voyages-ordinaires-extraits\/"},"img":{"alt_text":"20 000 lieues sous les mers","src":"https:\/\/i0.wp.com\/www.lozt.fr\/wp-content\/uploads\/2024\/05\/Unknown_Artist_-_Ned_Land_Professor_Aronnax_and_his_servant_Conseil_look_at_the_Giant_Octopus_thr_-_MeisterDrucke-1005045.jpg?fit=850%2C1200&ssl=1&resize=350%2C200","width":350,"height":200,"srcset":"https:\/\/i0.wp.com\/www.lozt.fr\/wp-content\/uploads\/2024\/05\/Unknown_Artist_-_Ned_Land_Professor_Aronnax_and_his_servant_Conseil_look_at_the_Giant_Octopus_thr_-_MeisterDrucke-1005045.jpg?fit=850%2C1200&ssl=1&resize=350%2C200 1x, https:\/\/i0.wp.com\/www.lozt.fr\/wp-content\/uploads\/2024\/05\/Unknown_Artist_-_Ned_Land_Professor_Aronnax_and_his_servant_Conseil_look_at_the_Giant_Octopus_thr_-_MeisterDrucke-1005045.jpg?fit=850%2C1200&ssl=1&resize=525%2C300 1.5x, https:\/\/i0.wp.com\/www.lozt.fr\/wp-content\/uploads\/2024\/05\/Unknown_Artist_-_Ned_Land_Professor_Aronnax_and_his_servant_Conseil_look_at_the_Giant_Octopus_thr_-_MeisterDrucke-1005045.jpg?fit=850%2C1200&ssl=1&resize=700%2C400 2x"},"classes":[]},{"id":11,"url":"https:\/\/www.lozt.fr\/index.php\/2016\/07\/07\/giacometti-alberto-1929\/","url_meta":{"origin":1035,"position":1},"title":"Giacometti, Alberto 1929","author":"Fran\u00e7ois Lozet","date":"7 juillet 2016","format":false,"excerpt":"Un jour de 1929 Alberto Giacometti \u00e9crivit dans son atelier\u00a0: \u00ab\u00a0Comme nous n'avons pas le choix de la longueur de nos jambes, de nos maladies, nous ne l'avons pas de notre mani\u00e8re de penser, de notre mani\u00e8re de nous exprimer. Et cette manie de s'exprimer est bien du m\u00eame ordre,\u2026","rel":"","context":"Dans &quot;Figures&quot;","block_context":{"text":"Figures","link":"https:\/\/www.lozt.fr\/index.php\/category\/voyages-ordinaires-extraits\/figures\/"},"img":{"alt_text":"Giacometti","src":"https:\/\/i0.wp.com\/www.lozt.fr\/wp-content\/uploads\/2016\/07\/Giacometti-194x300.jpeg?resize=350%2C200","width":350,"height":200},"classes":[]},{"id":1520,"url":"https:\/\/www.lozt.fr\/index.php\/2023\/04\/27\/le-podcast-des-voyages-ordinaires-2-saison-2-ignatus\/","url_meta":{"origin":1035,"position":2},"title":"Le Podcast des Voyages ordinaires 2, saison 2 \u2013 Ignatus","author":"Fran\u00e7ois Lozet","date":"27 avril 2023","format":false,"excerpt":"Pour les Tchouktches des rives de la mer de B\u00e9ring, m\u00eame les ombres sur les murs ont une \u00e2me. Elles ont leur tribu, elles vivent dans leur propre pays. Elles habitent dans leur hutte d\u2019ombre et subsistent comme les hommes, en chassant. Au\u00a0XXe\u00a0si\u00e8cle, une longue acculturation ainsi que le go\u00fbt\u2026","rel":"","context":"Dans &quot;Podcast&quot;","block_context":{"text":"Podcast","link":"https:\/\/www.lozt.fr\/index.php\/category\/podcast\/"},"img":{"alt_text":"Ignatus par Marie Monteiro","src":"https:\/\/i0.wp.com\/www.lozt.fr\/wp-content\/uploads\/2023\/03\/ignatus-c-marie-monteiro.jpg?fit=1200%2C675&ssl=1&resize=350%2C200","width":350,"height":200,"srcset":"https:\/\/i0.wp.com\/www.lozt.fr\/wp-content\/uploads\/2023\/03\/ignatus-c-marie-monteiro.jpg?fit=1200%2C675&ssl=1&resize=350%2C200 1x, https:\/\/i0.wp.com\/www.lozt.fr\/wp-content\/uploads\/2023\/03\/ignatus-c-marie-monteiro.jpg?fit=1200%2C675&ssl=1&resize=525%2C300 1.5x, https:\/\/i0.wp.com\/www.lozt.fr\/wp-content\/uploads\/2023\/03\/ignatus-c-marie-monteiro.jpg?fit=1200%2C675&ssl=1&resize=700%2C400 2x, https:\/\/i0.wp.com\/www.lozt.fr\/wp-content\/uploads\/2023\/03\/ignatus-c-marie-monteiro.jpg?fit=1200%2C675&ssl=1&resize=1050%2C600 3x"},"classes":[]},{"id":420,"url":"https:\/\/www.lozt.fr\/index.php\/2017\/04\/25\/memoires-2\/","url_meta":{"origin":1035,"position":3},"title":"M\u00e9moires","author":"Fran\u00e7ois Lozet","date":"25 avril 2017","format":false,"excerpt":"On vieillit peut-\u00eatre, mais peut-on vraiment dire que l\u2019on dure\u00a0? On se substitue \u00e0 soi-m\u00eame jour apr\u00e8s jour. Nos amours se m\u00e9tamorphosent. Il arrive qu\u2019ils rompent. Puis la s\u00e9rie de ce que l\u2019on est, de ce qu\u2019on a \u00e9t\u00e9, de ce qu\u2019on sera, reprend. Cela ressemble aux chronophotographies de Jules\u2026","rel":"","context":"Dans &quot;M\u00e9moires&quot;","block_context":{"text":"M\u00e9moires","link":"https:\/\/www.lozt.fr\/index.php\/category\/memoires\/"},"img":{"alt_text":"chronophotographie","src":"https:\/\/i0.wp.com\/www.lozt.fr\/wp-content\/uploads\/2017\/04\/tumblr_n3igajfLBk1qa4q2uo1_500.jpg?resize=350%2C200","width":350,"height":200},"classes":[]},{"id":1084,"url":"https:\/\/www.lozt.fr\/index.php\/2020\/06\/24\/voyages-ordinaires-2-lhomme-des-foules\/","url_meta":{"origin":1035,"position":4},"title":"Voyages ordinaires (2) : l&rsquo;homme des foules","author":"Fran\u00e7ois Lozet","date":"24 juin 2020","format":false,"excerpt":"L\u2019homme des foules\u00a0de Poe. C\u2019est le fl\u00e2neur parfait, qui a \u00e9lu domicile dans l\u2019ombre du nombre, dans l\u2019ondoyant de la foule. C\u2019est un vieil homme qui traverse la ville pour retrouver les quartiers les plus fr\u00e9quent\u00e9s. Il le fait non pour se perdre, non pour se fondre, mais pour\u00a0participer, chor\u00e9graphiquement,\u2026","rel":"","context":"Dans &quot;Figures&quot;","block_context":{"text":"Figures","link":"https:\/\/www.lozt.fr\/index.php\/category\/voyages-ordinaires-extraits\/figures\/"},"img":{"alt_text":"","src":"https:\/\/i0.wp.com\/www.lozt.fr\/wp-content\/uploads\/2016\/09\/img_0534.jpg?fit=900%2C1200&ssl=1&resize=350%2C200","width":350,"height":200,"srcset":"https:\/\/i0.wp.com\/www.lozt.fr\/wp-content\/uploads\/2016\/09\/img_0534.jpg?fit=900%2C1200&ssl=1&resize=350%2C200 1x, https:\/\/i0.wp.com\/www.lozt.fr\/wp-content\/uploads\/2016\/09\/img_0534.jpg?fit=900%2C1200&ssl=1&resize=525%2C300 1.5x, https:\/\/i0.wp.com\/www.lozt.fr\/wp-content\/uploads\/2016\/09\/img_0534.jpg?fit=900%2C1200&ssl=1&resize=700%2C400 2x"},"classes":[]},{"id":1072,"url":"https:\/\/www.lozt.fr\/index.php\/2020\/06\/01\/les-voyages-ordinaires-2\/","url_meta":{"origin":1035,"position":5},"title":"Les Voyages ordinaires (2)","author":"Fran\u00e7ois Lozet","date":"1 juin 2020","format":false,"excerpt":"C\u2019\u00e9tait au cours d\u2019une randonn\u00e9e en montagne. Avec la fatigue, nous \u00e9conomisions nos souffles, et nous n\u2019entendions plus que nos pas qui craquaient irr\u00e9guli\u00e8rement dans la pierraille. Apr\u00e8s avoir parcouru une route de terre rapidement \u00e9tr\u00e9cie en d\u2019\u00e9troites drailles rocailleuses qui menaient au plateau, nous avions travers\u00e9 des h\u00eatraies tortueuses\u2026","rel":"","context":"Dans &quot;Lieux&quot;","block_context":{"text":"Lieux","link":"https:\/\/www.lozt.fr\/index.php\/category\/voyages-ordinaires-extraits\/lieux\/"},"img":{"alt_text":"","src":"https:\/\/i0.wp.com\/www.lozt.fr\/wp-content\/uploads\/2020\/09\/IMG_1542-scaled.jpeg?fit=900%2C1200&ssl=1&resize=350%2C200","width":350,"height":200,"srcset":"https:\/\/i0.wp.com\/www.lozt.fr\/wp-content\/uploads\/2020\/09\/IMG_1542-scaled.jpeg?fit=900%2C1200&ssl=1&resize=350%2C200 1x, https:\/\/i0.wp.com\/www.lozt.fr\/wp-content\/uploads\/2020\/09\/IMG_1542-scaled.jpeg?fit=900%2C1200&ssl=1&resize=525%2C300 1.5x, https:\/\/i0.wp.com\/www.lozt.fr\/wp-content\/uploads\/2020\/09\/IMG_1542-scaled.jpeg?fit=900%2C1200&ssl=1&resize=700%2C400 2x"},"classes":[]}],"_links":{"self":[{"href":"https:\/\/www.lozt.fr\/index.php\/wp-json\/wp\/v2\/posts\/1035","targetHints":{"allow":["GET"]}}],"collection":[{"href":"https:\/\/www.lozt.fr\/index.php\/wp-json\/wp\/v2\/posts"}],"about":[{"href":"https:\/\/www.lozt.fr\/index.php\/wp-json\/wp\/v2\/types\/post"}],"author":[{"embeddable":true,"href":"https:\/\/www.lozt.fr\/index.php\/wp-json\/wp\/v2\/users\/1"}],"replies":[{"embeddable":true,"href":"https:\/\/www.lozt.fr\/index.php\/wp-json\/wp\/v2\/comments?post=1035"}],"version-history":[{"count":2,"href":"https:\/\/www.lozt.fr\/index.php\/wp-json\/wp\/v2\/posts\/1035\/revisions"}],"predecessor-version":[{"id":1115,"href":"https:\/\/www.lozt.fr\/index.php\/wp-json\/wp\/v2\/posts\/1035\/revisions\/1115"}],"wp:featuredmedia":[{"embeddable":true,"href":"https:\/\/www.lozt.fr\/index.php\/wp-json\/wp\/v2\/media\/1118"}],"wp:attachment":[{"href":"https:\/\/www.lozt.fr\/index.php\/wp-json\/wp\/v2\/media?parent=1035"}],"wp:term":[{"taxonomy":"category","embeddable":true,"href":"https:\/\/www.lozt.fr\/index.php\/wp-json\/wp\/v2\/categories?post=1035"},{"taxonomy":"post_tag","embeddable":true,"href":"https:\/\/www.lozt.fr\/index.php\/wp-json\/wp\/v2\/tags?post=1035"}],"curies":[{"name":"wp","href":"https:\/\/api.w.org\/{rel}","templated":true}]}}