{"id":1366,"date":"2022-06-30T11:28:46","date_gmt":"2022-06-30T09:28:46","guid":{"rendered":"https:\/\/www.lozt.fr\/?p=1366"},"modified":"2022-07-01T13:00:19","modified_gmt":"2022-07-01T11:00:19","slug":"les-voyages-ordinaires-2-episode-3","status":"publish","type":"post","link":"https:\/\/www.lozt.fr\/index.php\/2022\/06\/30\/les-voyages-ordinaires-2-episode-3\/","title":{"rendered":"Le Podcast des Voyages ordinaires, \u00e9pisode 3"},"content":{"rendered":"\n<p>&#8230; <\/p>\n\n\n\n<p>L\u2019Histoire est triste. Elle est banale dans ses emballements, dans son empressement \u00e0 l\u2019exceptionnel. Elle est remplie d\u2019enfants qui veulent vous montrer qu\u2019ils ont fait le plus beau dessin du monde. Elle s\u2019enfle d\u2019exploits. Elle est peupl\u00e9e d\u2019hommes et de femmes d\u2019\u00c9tat, de voleurs et de criminels qui se ressemblent tous et toutes dans la volont\u00e9 de ne pas \u00eatre oubli\u00e9s. Et le plus triste, dans ce besoin commun de se tourner hi\u00e9rarchiquement vers l\u2019exceptionnel, n\u2019est m\u00eame pas de vouloir s\u2019extraire de son ordinaire, de sa routine d\u2019\u00eatre&nbsp;: encore que cela rel\u00e8ve d\u2019une curiosit\u00e9 presque intr\u00e9pide au d\u00e9part. Le plus triste, c\u2019est le vide r\u00e9v\u00e9l\u00e9, combl\u00e9 trop rapidement, comme l\u2019on cache des poussi\u00e8res sous un tapis&nbsp;pour dire qu\u2019on&nbsp;a&nbsp;fait le m\u00e9nage. La plupart du temps, une fois sorti de ses habitudes, chacun tombe dans de mauvaises histoires, d\u00e9j\u00e0 vues, toujours pour la plupart d\u00e9j\u00e0 \u00e9crites.&nbsp;<\/p>\n\n\n\n<p>Toutes&nbsp;les trag\u00e9dies ont d\u00e9j\u00e0 \u00e9t\u00e9 \u00e9crites.&nbsp;<\/p>\n\n\n\n<p><\/p>\n\n\n\n<p>Retrouvez le roman des Voyages ordinaires (Tome I) en librairie, ou&nbsp;<a href=\"https:\/\/artspo-livresaudio.store\/index.php\/produit\/les-voyages-ordinaires-i-roman\/\">commandez-le ici en ligne<\/a>.<\/p>\n<div itemscope itemtype=\"http:\/\/schema.org\/AudioObject\"><meta itemprop=\"name\" content=\"Le Podcast des Voyages ordinaires, \u00e9pisode 3\" \/><meta itemprop=\"uploadDate\" content=\"2022-06-30T11:28:46+02:00\" \/><meta itemprop=\"encodingFormat\" content=\"audio\/mpeg\" \/><meta itemprop=\"duration\" content=\"PT10M00S\" \/><meta itemprop=\"description\" content=\"\n... \n\n\n\nL\u2019Histoire est triste. Elle est banale dans ses emballements, dans son empressement \u00e0 l\u2019exceptionnel. Elle est remplie d\u2019enfants qui veulent vous montrer qu\u2019ils ont fait le plus beau dessin du monde. Elle s\u2019enfle d\u2019exploits. Elle est peupl\u00e9e...\" \/><meta itemprop=\"contentUrl\" content=\"https:\/\/www.lozt.fr\/wp-content\/uploads\/2022\/06\/Le-Podcast-des-Voyages-ordinaires-Podcast-episode-3.mp3\" \/><meta itemprop=\"contentSize\" content=\"29.3\" \/><div class=\"powerpress_player\" id=\"powerpress_player_1838\"><audio class=\"wp-audio-shortcode\" id=\"audio-1366-1\" preload=\"none\" style=\"width: 100%;\" controls=\"controls\"><source type=\"audio\/mpeg\" src=\"https:\/\/www.lozt.fr\/wp-content\/uploads\/2022\/06\/Le-Podcast-des-Voyages-ordinaires-Podcast-episode-3.mp3?_=1\" \/><a href=\"https:\/\/www.lozt.fr\/wp-content\/uploads\/2022\/06\/Le-Podcast-des-Voyages-ordinaires-Podcast-episode-3.mp3\">https:\/\/www.lozt.fr\/wp-content\/uploads\/2022\/06\/Le-Podcast-des-Voyages-ordinaires-Podcast-episode-3.mp3<\/a><\/audio><\/div><\/div><p class=\"powerpress_links powerpress_links_mp3\" style=\"margin-bottom: 1px !important;\">Podcast: <a href=\"https:\/\/www.lozt.fr\/wp-content\/uploads\/2022\/06\/Le-Podcast-des-Voyages-ordinaires-Podcast-episode-3.mp3\" class=\"powerpress_link_pinw\" target=\"_blank\" title=\"Play in new window\" onclick=\"return powerpress_pinw('https:\/\/www.lozt.fr\/?powerpress_pinw=1366-podcast');\" rel=\"nofollow\">Play in new window<\/a> | <a href=\"https:\/\/www.lozt.fr\/wp-content\/uploads\/2022\/06\/Le-Podcast-des-Voyages-ordinaires-Podcast-episode-3.mp3\" class=\"powerpress_link_d\" title=\"Download\" rel=\"nofollow\" download=\"Le-Podcast-des-Voyages-ordinaires-Podcast-episode-3.mp3\">Download<\/a><\/p><p class=\"powerpress_links powerpress_subscribe_links\">Subscribe: <a href=\"https:\/\/www.lozt.fr\/index.php\/feed\/podcast\/\" class=\"powerpress_link_subscribe powerpress_link_subscribe_rss\" target=\"_blank\" title=\"Subscribe via RSS\" rel=\"nofollow\">RSS<\/a><\/p><!--powerpress_player-->","protected":false},"excerpt":{"rendered":"<p>&#8230; L\u2019Histoire est triste. Elle est banale dans ses emballements, dans son empressement \u00e0 l\u2019exceptionnel. Elle est remplie d\u2019enfants qui veulent vous montrer qu\u2019ils ont fait le plus beau dessin du monde. Elle s\u2019enfle d\u2019exploits. Elle est peupl\u00e9e d\u2019hommes et de femmes d\u2019\u00c9tat, de voleurs et de criminels qui se ressemblent tous et toutes dans [&hellip;]<\/p>\n<div itemscope itemtype=\"http:\/\/schema.org\/AudioObject\"><meta itemprop=\"name\" content=\"Le Podcast des Voyages ordinaires, \u00e9pisode 3\" \/><meta itemprop=\"uploadDate\" content=\"2022-06-30T11:28:46+02:00\" \/><meta itemprop=\"encodingFormat\" content=\"audio\/mpeg\" \/><meta itemprop=\"duration\" content=\"PT10M00S\" \/><meta itemprop=\"description\" content=\"\n... \n\n\n\nL\u2019Histoire est triste. Elle est banale dans ses emballements, dans son empressement \u00e0 l\u2019exceptionnel. Elle est remplie d\u2019enfants qui veulent vous montrer qu\u2019ils ont fait le plus beau dessin du monde. Elle s\u2019enfle d\u2019exploits. Elle est peupl\u00e9e...\" \/><meta itemprop=\"contentUrl\" content=\"https:\/\/www.lozt.fr\/wp-content\/uploads\/2022\/06\/Le-Podcast-des-Voyages-ordinaires-Podcast-episode-3.mp3\" \/><meta itemprop=\"contentSize\" content=\"29.3\" \/><div class=\"powerpress_player\" id=\"powerpress_player_1840\"><audio class=\"wp-audio-shortcode\" id=\"audio-1366-3\" preload=\"none\" style=\"width: 100%;\" controls=\"controls\"><source type=\"audio\/mpeg\" src=\"https:\/\/www.lozt.fr\/wp-content\/uploads\/2022\/06\/Le-Podcast-des-Voyages-ordinaires-Podcast-episode-3.mp3?_=3\" \/><a href=\"https:\/\/www.lozt.fr\/wp-content\/uploads\/2022\/06\/Le-Podcast-des-Voyages-ordinaires-Podcast-episode-3.mp3\">https:\/\/www.lozt.fr\/wp-content\/uploads\/2022\/06\/Le-Podcast-des-Voyages-ordinaires-Podcast-episode-3.mp3<\/a><\/audio><\/div><\/div><p class=\"powerpress_links powerpress_links_mp3\" style=\"margin-bottom: 1px !important;\">Podcast: <a href=\"https:\/\/www.lozt.fr\/wp-content\/uploads\/2022\/06\/Le-Podcast-des-Voyages-ordinaires-Podcast-episode-3.mp3\" class=\"powerpress_link_pinw\" target=\"_blank\" title=\"Play in new window\" onclick=\"return powerpress_pinw('https:\/\/www.lozt.fr\/?powerpress_pinw=1366-podcast');\" rel=\"nofollow\">Play in new window<\/a> | <a href=\"https:\/\/www.lozt.fr\/wp-content\/uploads\/2022\/06\/Le-Podcast-des-Voyages-ordinaires-Podcast-episode-3.mp3\" class=\"powerpress_link_d\" title=\"Download\" rel=\"nofollow\" download=\"Le-Podcast-des-Voyages-ordinaires-Podcast-episode-3.mp3\">Download<\/a><\/p><p class=\"powerpress_links powerpress_subscribe_links\">Subscribe: <a href=\"https:\/\/www.lozt.fr\/index.php\/feed\/podcast\/\" class=\"powerpress_link_subscribe powerpress_link_subscribe_rss\" target=\"_blank\" title=\"Subscribe via RSS\" rel=\"nofollow\">RSS<\/a><\/p><!--powerpress_player-->","protected":false},"author":1,"featured_media":685,"comment_status":"closed","ping_status":"closed","sticky":false,"template":"","format":"standard","meta":{"jetpack_post_was_ever_published":false,"_jetpack_newsletter_access":"","_jetpack_dont_email_post_to_subs":false,"_jetpack_newsletter_tier_id":0,"_jetpack_memberships_contains_paywalled_content":false,"_jetpack_memberships_contains_paid_content":false,"footnotes":""},"categories":[41,8],"tags":[],"class_list":{"0":"post-1366","1":"post","2":"type-post","3":"status-publish","4":"format-standard","5":"has-post-thumbnail","6":"hentry","7":"category-podcast","8":"category-voyages-ordinaires-extraits","10":"fallback-thumbnail"},"jetpack_featured_media_url":"https:\/\/i0.wp.com\/www.lozt.fr\/wp-content\/uploads\/2016\/02\/llqp.jpg?fit=851%2C315&ssl=1","jetpack_sharing_enabled":true,"jetpack_shortlink":"https:\/\/wp.me\/p7KBXa-m2","jetpack-related-posts":[{"id":1496,"url":"https:\/\/www.lozt.fr\/index.php\/2023\/04\/13\/le-podcast-des-voyages-ordinaires-2-saison-2-julie-gasnier\/","url_meta":{"origin":1366,"position":0},"title":"Le Podcast des Voyages ordinaires 2, saison 2 &#8211; JuliE GAsnieR","author":"Fran\u00e7ois Lozet","date":"13 avril 2023","format":false,"excerpt":"Portrait d\u2019instant. Rue Saint-Maur, \u00e0 Paris. Fin de printemps. L\u2019air est satur\u00e9 de pollens et de gaz d\u2019\u00e9chappement. Au premier \u00e9tage d\u2019un immeuble, au-dessus du maigre auvent rouge (qui a voulu faire riche, mais que le passage du temps a rendu sale, et signe \u00e0 l\u2019inverse l\u2019ambition perdue) surplombant une\u2026","rel":"","context":"Dans &quot;Podcast&quot;","block_context":{"text":"Podcast","link":"https:\/\/www.lozt.fr\/index.php\/category\/podcast\/"},"img":{"alt_text":"","src":"https:\/\/i0.wp.com\/www.lozt.fr\/wp-content\/uploads\/2023\/04\/julie-gasnier-photo-hd-jpg.png?fit=1200%2C589&ssl=1&resize=350%2C200","width":350,"height":200,"srcset":"https:\/\/i0.wp.com\/www.lozt.fr\/wp-content\/uploads\/2023\/04\/julie-gasnier-photo-hd-jpg.png?fit=1200%2C589&ssl=1&resize=350%2C200 1x, https:\/\/i0.wp.com\/www.lozt.fr\/wp-content\/uploads\/2023\/04\/julie-gasnier-photo-hd-jpg.png?fit=1200%2C589&ssl=1&resize=525%2C300 1.5x, https:\/\/i0.wp.com\/www.lozt.fr\/wp-content\/uploads\/2023\/04\/julie-gasnier-photo-hd-jpg.png?fit=1200%2C589&ssl=1&resize=700%2C400 2x, https:\/\/i0.wp.com\/www.lozt.fr\/wp-content\/uploads\/2023\/04\/julie-gasnier-photo-hd-jpg.png?fit=1200%2C589&ssl=1&resize=1050%2C600 3x"},"classes":[]},{"id":1526,"url":"https:\/\/www.lozt.fr\/index.php\/2023\/04\/20\/le-podcast-des-voyages-ordinaires-2-saison-2-cecil-l-recchia\/","url_meta":{"origin":1366,"position":1},"title":"Le Podcast des Voyages ordinaires 2, saison 2 &#8211; C\u00e9cil Recchia","author":"Fran\u00e7ois Lozet","date":"20 avril 2023","format":false,"excerpt":"Un jour, alors qu\u2019il prenait le train, L\u00e9o se mit \u00e0 penser\u00a0: Eh bien voil\u00e0, vous \u00eates voyageur et vous partez, ou vous arrivez. Pour vous, ce sont des \u00e9v\u00e9nements. Des \u00e9v\u00e9nements cr\u00e9ant\u00a0\u2013\u00a0pourquoi pas\u00a0?\u00a0\u2013\u00a0une histoire. Les histoires, c'est exactement \u00ab\u00a0comme\u00a0\u00bb \u00e7a, vous le ressentez comme \u00e7a\u00a0: comme une suite d\u2019\u00e9v\u00e9nements.\u2026","rel":"","context":"Dans &quot;Podcast&quot;","block_context":{"text":"Podcast","link":"https:\/\/www.lozt.fr\/index.php\/category\/podcast\/"},"img":{"alt_text":"Portrait de Cecil L. Recchia","src":"https:\/\/i0.wp.com\/www.lozt.fr\/wp-content\/uploads\/2023\/03\/CECIL-L-RECCHIA%C2%A9peurduloup1299-1200px647px.jpg?fit=1200%2C647&ssl=1&resize=350%2C200","width":350,"height":200,"srcset":"https:\/\/i0.wp.com\/www.lozt.fr\/wp-content\/uploads\/2023\/03\/CECIL-L-RECCHIA%C2%A9peurduloup1299-1200px647px.jpg?fit=1200%2C647&ssl=1&resize=350%2C200 1x, https:\/\/i0.wp.com\/www.lozt.fr\/wp-content\/uploads\/2023\/03\/CECIL-L-RECCHIA%C2%A9peurduloup1299-1200px647px.jpg?fit=1200%2C647&ssl=1&resize=525%2C300 1.5x, https:\/\/i0.wp.com\/www.lozt.fr\/wp-content\/uploads\/2023\/03\/CECIL-L-RECCHIA%C2%A9peurduloup1299-1200px647px.jpg?fit=1200%2C647&ssl=1&resize=700%2C400 2x, https:\/\/i0.wp.com\/www.lozt.fr\/wp-content\/uploads\/2023\/03\/CECIL-L-RECCHIA%C2%A9peurduloup1299-1200px647px.jpg?fit=1200%2C647&ssl=1&resize=1050%2C600 3x"},"classes":[]},{"id":1699,"url":"https:\/\/www.lozt.fr\/index.php\/2024\/05\/27\/les-voyages-ordinaires-tome-3-extrait-2\/","url_meta":{"origin":1366,"position":2},"title":"Les Voyages ordinaires, tome 3 (extrait 2)","author":"Fran\u00e7ois Lozet","date":"27 mai 2024","format":false,"excerpt":"En attendant la sortie du tome 2 cet automne des Voyages ordinaires, le tome 3 s'est \u00e9crit. Combien de temps encore avant qu'il sorte ? Je ne sais pas. Mais l'\u00e9criture est quotidienne. Tout continue. \"Le rapport entre vivants est un rapport de temps et de tempo diff\u00e9rents. Ce sont\u2026","rel":"","context":"Dans &quot;Voyages ordinaires, extraits&quot;","block_context":{"text":"Voyages ordinaires, extraits","link":"https:\/\/www.lozt.fr\/index.php\/category\/voyages-ordinaires-extraits\/"},"img":{"alt_text":"Voyage au centre de la terre, illustration Riou","src":"https:\/\/i0.wp.com\/www.lozt.fr\/wp-content\/uploads\/2024\/05\/Edouard-Riou-Illustration-from-Voyage-au-centre-de-la-terre-by-Jules-Verne-1828-1905-engraved-by-Pannemaker-published-by-JHetzel-MeisterDrucke-189531.png?fit=1167%2C1200&ssl=1&resize=350%2C200","width":350,"height":200,"srcset":"https:\/\/i0.wp.com\/www.lozt.fr\/wp-content\/uploads\/2024\/05\/Edouard-Riou-Illustration-from-Voyage-au-centre-de-la-terre-by-Jules-Verne-1828-1905-engraved-by-Pannemaker-published-by-JHetzel-MeisterDrucke-189531.png?fit=1167%2C1200&ssl=1&resize=350%2C200 1x, https:\/\/i0.wp.com\/www.lozt.fr\/wp-content\/uploads\/2024\/05\/Edouard-Riou-Illustration-from-Voyage-au-centre-de-la-terre-by-Jules-Verne-1828-1905-engraved-by-Pannemaker-published-by-JHetzel-MeisterDrucke-189531.png?fit=1167%2C1200&ssl=1&resize=525%2C300 1.5x, https:\/\/i0.wp.com\/www.lozt.fr\/wp-content\/uploads\/2024\/05\/Edouard-Riou-Illustration-from-Voyage-au-centre-de-la-terre-by-Jules-Verne-1828-1905-engraved-by-Pannemaker-published-by-JHetzel-MeisterDrucke-189531.png?fit=1167%2C1200&ssl=1&resize=700%2C400 2x, https:\/\/i0.wp.com\/www.lozt.fr\/wp-content\/uploads\/2024\/05\/Edouard-Riou-Illustration-from-Voyage-au-centre-de-la-terre-by-Jules-Verne-1828-1905-engraved-by-Pannemaker-published-by-JHetzel-MeisterDrucke-189531.png?fit=1167%2C1200&ssl=1&resize=1050%2C600 3x"},"classes":[]},{"id":1743,"url":"https:\/\/www.lozt.fr\/index.php\/2025\/02\/02\/les-voyages-ordinaires-tome-3-extrait-4\/","url_meta":{"origin":1366,"position":3},"title":"Les Voyages ordinaires, Tome 3 (extrait 4)","author":"Fran\u00e7ois Lozet","date":"2 f\u00e9vrier 2025","format":false,"excerpt":"Ce n\u2019est pas seulement qu\u2019entre les nuages et les montagnes des comp\u00e9titions se d\u00e9clenchent, r\u00e9guli\u00e8rement, pour savoir qui efface l\u2019autre, qui passe devant, qui semble le plus massif, qui le plus l\u00e9ger, le plus aigu, le plus haut. Ce sont des effets de fa\u00e7ade plus que de puissance. Le passage\u2026","rel":"","context":"Dans &quot;Voyages ordinaires, extraits&quot;","block_context":{"text":"Voyages ordinaires, extraits","link":"https:\/\/www.lozt.fr\/index.php\/category\/voyages-ordinaires-extraits\/"},"img":{"alt_text":"Nuages et montagnes au coucher du soleil","src":"https:\/\/i0.wp.com\/www.lozt.fr\/wp-content\/uploads\/2025\/02\/image.png?fit=1024%2C768&ssl=1&resize=350%2C200","width":350,"height":200,"srcset":"https:\/\/i0.wp.com\/www.lozt.fr\/wp-content\/uploads\/2025\/02\/image.png?fit=1024%2C768&ssl=1&resize=350%2C200 1x, https:\/\/i0.wp.com\/www.lozt.fr\/wp-content\/uploads\/2025\/02\/image.png?fit=1024%2C768&ssl=1&resize=525%2C300 1.5x, https:\/\/i0.wp.com\/www.lozt.fr\/wp-content\/uploads\/2025\/02\/image.png?fit=1024%2C768&ssl=1&resize=700%2C400 2x"},"classes":[]},{"id":1084,"url":"https:\/\/www.lozt.fr\/index.php\/2020\/06\/24\/voyages-ordinaires-2-lhomme-des-foules\/","url_meta":{"origin":1366,"position":4},"title":"Voyages ordinaires (2) : l&rsquo;homme des foules","author":"Fran\u00e7ois Lozet","date":"24 juin 2020","format":false,"excerpt":"L\u2019homme des foules\u00a0de Poe. C\u2019est le fl\u00e2neur parfait, qui a \u00e9lu domicile dans l\u2019ombre du nombre, dans l\u2019ondoyant de la foule. C\u2019est un vieil homme qui traverse la ville pour retrouver les quartiers les plus fr\u00e9quent\u00e9s. Il le fait non pour se perdre, non pour se fondre, mais pour\u00a0participer, chor\u00e9graphiquement,\u2026","rel":"","context":"Dans &quot;Figures&quot;","block_context":{"text":"Figures","link":"https:\/\/www.lozt.fr\/index.php\/category\/voyages-ordinaires-extraits\/figures\/"},"img":{"alt_text":"","src":"https:\/\/i0.wp.com\/www.lozt.fr\/wp-content\/uploads\/2016\/09\/img_0534.jpg?fit=900%2C1200&ssl=1&resize=350%2C200","width":350,"height":200,"srcset":"https:\/\/i0.wp.com\/www.lozt.fr\/wp-content\/uploads\/2016\/09\/img_0534.jpg?fit=900%2C1200&ssl=1&resize=350%2C200 1x, https:\/\/i0.wp.com\/www.lozt.fr\/wp-content\/uploads\/2016\/09\/img_0534.jpg?fit=900%2C1200&ssl=1&resize=525%2C300 1.5x, https:\/\/i0.wp.com\/www.lozt.fr\/wp-content\/uploads\/2016\/09\/img_0534.jpg?fit=900%2C1200&ssl=1&resize=700%2C400 2x"},"classes":[]},{"id":521,"url":"https:\/\/www.lozt.fr\/index.php\/2017\/11\/08\/figures-7-2\/","url_meta":{"origin":1366,"position":5},"title":"Figures (7)","author":"Fran\u00e7ois Lozet","date":"8 novembre 2017","format":false,"excerpt":"Il n\u2019y a qu\u2019un prisonnier, ayant pass\u00e9 plus de trente ans de son existence en prison, qui pouvait concevoir, avec une telle intensit\u00e9, une id\u00e9e pareille. M\u00e9ditation sur l\u2019infini. Louis Auguste Blanqui. Ni Dieu ni Ma\u00eetre. R\u00e9volutionnaire professionnel. Oiseau en cage. Si seulement il avait pu prendre la t\u00eate de\u2026","rel":"","context":"Dans &quot;Figures&quot;","block_context":{"text":"Figures","link":"https:\/\/www.lozt.fr\/index.php\/category\/voyages-ordinaires-extraits\/figures\/"},"img":{"alt_text":"","src":"https:\/\/i0.wp.com\/www.lozt.fr\/wp-content\/uploads\/2017\/11\/13151606_10209439007714138_7230499775020624222_n.jpg?fit=960%2C960&ssl=1&resize=350%2C200","width":350,"height":200,"srcset":"https:\/\/i0.wp.com\/www.lozt.fr\/wp-content\/uploads\/2017\/11\/13151606_10209439007714138_7230499775020624222_n.jpg?fit=960%2C960&ssl=1&resize=350%2C200 1x, https:\/\/i0.wp.com\/www.lozt.fr\/wp-content\/uploads\/2017\/11\/13151606_10209439007714138_7230499775020624222_n.jpg?fit=960%2C960&ssl=1&resize=525%2C300 1.5x, https:\/\/i0.wp.com\/www.lozt.fr\/wp-content\/uploads\/2017\/11\/13151606_10209439007714138_7230499775020624222_n.jpg?fit=960%2C960&ssl=1&resize=700%2C400 2x"},"classes":[]}],"_links":{"self":[{"href":"https:\/\/www.lozt.fr\/index.php\/wp-json\/wp\/v2\/posts\/1366","targetHints":{"allow":["GET"]}}],"collection":[{"href":"https:\/\/www.lozt.fr\/index.php\/wp-json\/wp\/v2\/posts"}],"about":[{"href":"https:\/\/www.lozt.fr\/index.php\/wp-json\/wp\/v2\/types\/post"}],"author":[{"embeddable":true,"href":"https:\/\/www.lozt.fr\/index.php\/wp-json\/wp\/v2\/users\/1"}],"replies":[{"embeddable":true,"href":"https:\/\/www.lozt.fr\/index.php\/wp-json\/wp\/v2\/comments?post=1366"}],"version-history":[{"count":3,"href":"https:\/\/www.lozt.fr\/index.php\/wp-json\/wp\/v2\/posts\/1366\/revisions"}],"predecessor-version":[{"id":1370,"href":"https:\/\/www.lozt.fr\/index.php\/wp-json\/wp\/v2\/posts\/1366\/revisions\/1370"}],"wp:featuredmedia":[{"embeddable":true,"href":"https:\/\/www.lozt.fr\/index.php\/wp-json\/wp\/v2\/media\/685"}],"wp:attachment":[{"href":"https:\/\/www.lozt.fr\/index.php\/wp-json\/wp\/v2\/media?parent=1366"}],"wp:term":[{"taxonomy":"category","embeddable":true,"href":"https:\/\/www.lozt.fr\/index.php\/wp-json\/wp\/v2\/categories?post=1366"},{"taxonomy":"post_tag","embeddable":true,"href":"https:\/\/www.lozt.fr\/index.php\/wp-json\/wp\/v2\/tags?post=1366"}],"curies":[{"name":"wp","href":"https:\/\/api.w.org\/{rel}","templated":true}]}}