{"id":1496,"date":"2023-04-13T18:00:00","date_gmt":"2023-04-13T16:00:00","guid":{"rendered":"https:\/\/www.lozt.fr\/?p=1496"},"modified":"2023-04-12T11:02:34","modified_gmt":"2023-04-12T09:02:34","slug":"le-podcast-des-voyages-ordinaires-2-saison-2-julie-gasnier","status":"publish","type":"post","link":"https:\/\/www.lozt.fr\/index.php\/2023\/04\/13\/le-podcast-des-voyages-ordinaires-2-saison-2-julie-gasnier\/","title":{"rendered":"Le Podcast des Voyages ordinaires 2, saison 2 &#8211; JuliE GAsnieR"},"content":{"rendered":"\n<p>Portrait d\u2019instant. <\/p>\n\n\n\n<p>Rue Saint-Maur, \u00e0 Paris. Fin de printemps. L\u2019air est satur\u00e9 de pollens et de gaz d\u2019\u00e9chappement. Au premier \u00e9tage d\u2019un immeuble, au-dessus du maigre auvent rouge (qui a voulu faire riche, mais que le passage du temps a rendu sale, et signe \u00e0 l\u2019inverse l\u2019ambition perdue) surplombant une terrasse de caf\u00e9, je surprends dans l\u2019encadrement d\u2019une fen\u00eatre ouverte une jeune femme qui \u00e9crit un texto. Elle tient une cigarette \u00e0 la main. Aucun passant sur le trottoir ne la remarque. Elle ne remarque personne dans la rue, qu\u2019elle ne regarde pas au reste. <\/p>\n\n\n\n<p>Est-elle vraiment l\u00e0, prise dans sa conversation avec un interlocuteur lointain dont peut-\u00eatre d\u00e9j\u00e0 elle imagine la r\u00e9ponse, et que ressent-elle, machinalement, du vent qui lui soul\u00e8ve l\u00e9g\u00e8rement les cheveux, du climat du jour, des discussions qui doivent \u00e0 moiti\u00e9 lui parvenir des clients attabl\u00e9s, du moteur des voitures qui d\u00e9placent leur ombre, ou du regard qui s\u2019attarde sur elle&nbsp;? Un instant, elle l\u00e8ve les yeux, me regarde, me sourit. Je lui souris aussi et je passe mon chemin. <\/p>\n\n\n\n<p>Un peu plus loin, je vois un gamin de cinq ou six ans assis sur sa chaise les jambes ballantes. Il boit un verre d\u2019eau. Je pense \u00e0 l\u2019atome d\u2019hydrog\u00e8ne, venu de si loin, form\u00e9 peut-\u00eatre pendant les \u00e2ges sombres de l\u2019univers, au cours de la nucl\u00e9osynth\u00e8se primordiale&nbsp;des premiers temps de la naissance du monde : et l\u2019instant, dans sa constellation d\u2019\u00eatres et de choses, particules fant\u00f4mes incluses, semble si parfait que j\u2019en oublie enfin de penser au souci du jour.<\/p>\n\n\n\n<p class=\"has-small-font-size\"><em>Retrouvez le roman des Voyages ordinaires (Tome I) en librairie, ou <a href=\"https:\/\/artspo-livresaudio.store\/index.php\/produit\/les-voyages-ordinaires-i-roman\/\" target=\"_blank\" rel=\"noreferrer noopener\">commandez-le ici en ligne<\/a>. <\/em><\/p>\n\n\n\n<p class=\"has-small-font-size\"><em>Que dire de <a href=\"https:\/\/www.festivalchantsdelles.org\/JuliE-GAsnieR\" target=\"_blank\" rel=\"noreferrer noopener\">JuliE GAsnieR<\/a> ? Si vous ne la connaissez pas, il vous faut la conna\u00eetre. Cela tombe bien, elle sort son album perso \u00ab\u00a0Feux de nuit\u00a0\u00bb le 28 avril, avec un concert de sortie \u00e0 l&rsquo;ermitage (Paris 19) <a href=\"https:\/\/www.billetweb.fr\/julie-gasnier\" target=\"_blank\" rel=\"noreferrer noopener\">le 9 mai<\/a> \u00e0 partir de 20h. En attendant, retrouvez-la sur sa <a href=\"https:\/\/youtu.be\/8IVaJGF-rDo\" target=\"_blank\" rel=\"noreferrer noopener\">cha\u00eene Youtube<\/a>. <\/em><\/p>\n<div itemscope itemtype=\"http:\/\/schema.org\/AudioObject\"><meta itemprop=\"name\" content=\"Le Podcast des Voyages ordinaires 2, saison 2 &amp;#8211; JuliE GAsnieR\" \/><meta itemprop=\"uploadDate\" content=\"2023-04-13T18:00:00+02:00\" \/><meta itemprop=\"encodingFormat\" content=\"audio\/mpeg\" \/><meta itemprop=\"duration\" content=\"PT4M11S\" \/><meta itemprop=\"description\" content=\"\nPortrait d\u2019instant. \n\n\n\nRue Saint-Maur, \u00e0 Paris. Fin de printemps. L\u2019air est satur\u00e9 de pollens et de gaz d\u2019\u00e9chappement. Au premier \u00e9tage d\u2019un immeuble, au-dessus du maigre auvent rouge (qui a voulu faire riche, mais que le passage du temps a rendu s...\" \/><meta itemprop=\"contentUrl\" content=\"https:\/\/www.lozt.fr\/wp-content\/uploads\/2023\/03\/Le-Podcast-des-Voyages-ordinaires-2-Podcast-saison2-Julie.mp3\" \/><meta itemprop=\"contentSize\" content=\"19.9\" \/><div class=\"powerpress_player\" id=\"powerpress_player_6126\"><audio class=\"wp-audio-shortcode\" id=\"audio-1496-1\" preload=\"none\" style=\"width: 100%;\" controls=\"controls\"><source type=\"audio\/mpeg\" src=\"https:\/\/www.lozt.fr\/wp-content\/uploads\/2023\/03\/Le-Podcast-des-Voyages-ordinaires-2-Podcast-saison2-Julie.mp3?_=1\" \/><a href=\"https:\/\/www.lozt.fr\/wp-content\/uploads\/2023\/03\/Le-Podcast-des-Voyages-ordinaires-2-Podcast-saison2-Julie.mp3\">https:\/\/www.lozt.fr\/wp-content\/uploads\/2023\/03\/Le-Podcast-des-Voyages-ordinaires-2-Podcast-saison2-Julie.mp3<\/a><\/audio><\/div><\/div><p class=\"powerpress_links powerpress_links_mp3\" style=\"margin-bottom: 1px !important;\">Podcast: <a href=\"https:\/\/www.lozt.fr\/wp-content\/uploads\/2023\/03\/Le-Podcast-des-Voyages-ordinaires-2-Podcast-saison2-Julie.mp3\" class=\"powerpress_link_pinw\" target=\"_blank\" title=\"Play in new window\" onclick=\"return powerpress_pinw('https:\/\/www.lozt.fr\/?powerpress_pinw=1496-podcast');\" rel=\"nofollow\">Play in new window<\/a> | <a href=\"https:\/\/www.lozt.fr\/wp-content\/uploads\/2023\/03\/Le-Podcast-des-Voyages-ordinaires-2-Podcast-saison2-Julie.mp3\" class=\"powerpress_link_d\" title=\"Download\" rel=\"nofollow\" download=\"Le-Podcast-des-Voyages-ordinaires-2-Podcast-saison2-Julie.mp3\">Download<\/a><\/p><p class=\"powerpress_links powerpress_subscribe_links\">Subscribe: <a href=\"https:\/\/www.lozt.fr\/index.php\/feed\/podcast\/\" class=\"powerpress_link_subscribe powerpress_link_subscribe_rss\" target=\"_blank\" title=\"Subscribe via RSS\" rel=\"nofollow\">RSS<\/a><\/p><!--powerpress_player-->","protected":false},"excerpt":{"rendered":"<p>Portrait d\u2019instant. Rue Saint-Maur, \u00e0 Paris. Fin de printemps. L\u2019air est satur\u00e9 de pollens et de gaz d\u2019\u00e9chappement. Au premier \u00e9tage d\u2019un immeuble, au-dessus du maigre auvent rouge (qui a voulu faire riche, mais que le passage du temps a rendu sale, et signe \u00e0 l\u2019inverse l\u2019ambition perdue) surplombant une terrasse de caf\u00e9, je surprends [&hellip;]<\/p>\n<div itemscope itemtype=\"http:\/\/schema.org\/AudioObject\"><meta itemprop=\"name\" content=\"Le Podcast des Voyages ordinaires 2, saison 2 &amp;#8211; JuliE GAsnieR\" \/><meta itemprop=\"uploadDate\" content=\"2023-04-13T18:00:00+02:00\" \/><meta itemprop=\"encodingFormat\" content=\"audio\/mpeg\" \/><meta itemprop=\"duration\" content=\"PT4M11S\" \/><meta itemprop=\"description\" content=\"\nPortrait d\u2019instant. \n\n\n\nRue Saint-Maur, \u00e0 Paris. Fin de printemps. L\u2019air est satur\u00e9 de pollens et de gaz d\u2019\u00e9chappement. Au premier \u00e9tage d\u2019un immeuble, au-dessus du maigre auvent rouge (qui a voulu faire riche, mais que le passage du temps a rendu s...\" \/><meta itemprop=\"contentUrl\" content=\"https:\/\/www.lozt.fr\/wp-content\/uploads\/2023\/03\/Le-Podcast-des-Voyages-ordinaires-2-Podcast-saison2-Julie.mp3\" \/><meta itemprop=\"contentSize\" content=\"19.9\" \/><div class=\"powerpress_player\" id=\"powerpress_player_6128\"><audio class=\"wp-audio-shortcode\" id=\"audio-1496-3\" preload=\"none\" style=\"width: 100%;\" controls=\"controls\"><source type=\"audio\/mpeg\" src=\"https:\/\/www.lozt.fr\/wp-content\/uploads\/2023\/03\/Le-Podcast-des-Voyages-ordinaires-2-Podcast-saison2-Julie.mp3?_=3\" \/><a href=\"https:\/\/www.lozt.fr\/wp-content\/uploads\/2023\/03\/Le-Podcast-des-Voyages-ordinaires-2-Podcast-saison2-Julie.mp3\">https:\/\/www.lozt.fr\/wp-content\/uploads\/2023\/03\/Le-Podcast-des-Voyages-ordinaires-2-Podcast-saison2-Julie.mp3<\/a><\/audio><\/div><\/div><p class=\"powerpress_links powerpress_links_mp3\" style=\"margin-bottom: 1px !important;\">Podcast: <a href=\"https:\/\/www.lozt.fr\/wp-content\/uploads\/2023\/03\/Le-Podcast-des-Voyages-ordinaires-2-Podcast-saison2-Julie.mp3\" class=\"powerpress_link_pinw\" target=\"_blank\" title=\"Play in new window\" onclick=\"return powerpress_pinw('https:\/\/www.lozt.fr\/?powerpress_pinw=1496-podcast');\" rel=\"nofollow\">Play in new window<\/a> | <a href=\"https:\/\/www.lozt.fr\/wp-content\/uploads\/2023\/03\/Le-Podcast-des-Voyages-ordinaires-2-Podcast-saison2-Julie.mp3\" class=\"powerpress_link_d\" title=\"Download\" rel=\"nofollow\" download=\"Le-Podcast-des-Voyages-ordinaires-2-Podcast-saison2-Julie.mp3\">Download<\/a><\/p><p class=\"powerpress_links powerpress_subscribe_links\">Subscribe: <a href=\"https:\/\/www.lozt.fr\/index.php\/feed\/podcast\/\" class=\"powerpress_link_subscribe powerpress_link_subscribe_rss\" target=\"_blank\" title=\"Subscribe via RSS\" rel=\"nofollow\">RSS<\/a><\/p><!--powerpress_player-->","protected":false},"author":1,"featured_media":1499,"comment_status":"closed","ping_status":"closed","sticky":false,"template":"","format":"standard","meta":{"jetpack_post_was_ever_published":false,"_jetpack_newsletter_access":"","_jetpack_dont_email_post_to_subs":false,"_jetpack_newsletter_tier_id":0,"_jetpack_memberships_contains_paywalled_content":false,"_jetpack_memberships_contains_paid_content":false,"footnotes":""},"categories":[41,8],"tags":[],"class_list":{"0":"post-1496","1":"post","2":"type-post","3":"status-publish","4":"format-standard","5":"has-post-thumbnail","6":"hentry","7":"category-podcast","8":"category-voyages-ordinaires-extraits","10":"fallback-thumbnail"},"jetpack_featured_media_url":"https:\/\/i0.wp.com\/www.lozt.fr\/wp-content\/uploads\/2023\/04\/julie-gasnier-photo-hd-jpg.png?fit=1200%2C589&ssl=1","jetpack_sharing_enabled":true,"jetpack_shortlink":"https:\/\/wp.me\/p7KBXa-o8","jetpack-related-posts":[{"id":1366,"url":"https:\/\/www.lozt.fr\/index.php\/2022\/06\/30\/les-voyages-ordinaires-2-episode-3\/","url_meta":{"origin":1496,"position":0},"title":"Le Podcast des Voyages ordinaires, \u00e9pisode 3","author":"Fran\u00e7ois Lozet","date":"30 juin 2022","format":false,"excerpt":"... L\u2019Histoire est triste. Elle est banale dans ses emballements, dans son empressement \u00e0 l\u2019exceptionnel. Elle est remplie d\u2019enfants qui veulent vous montrer qu\u2019ils ont fait le plus beau dessin du monde. Elle s\u2019enfle d\u2019exploits. Elle est peupl\u00e9e d\u2019hommes et de femmes d\u2019\u00c9tat, de voleurs et de criminels qui se\u2026","rel":"","context":"Dans &quot;Podcast&quot;","block_context":{"text":"Podcast","link":"https:\/\/www.lozt.fr\/index.php\/category\/podcast\/"},"img":{"alt_text":"","src":"https:\/\/i0.wp.com\/www.lozt.fr\/wp-content\/uploads\/2016\/02\/llqp.jpg?fit=851%2C315&ssl=1&resize=350%2C200","width":350,"height":200,"srcset":"https:\/\/i0.wp.com\/www.lozt.fr\/wp-content\/uploads\/2016\/02\/llqp.jpg?fit=851%2C315&ssl=1&resize=350%2C200 1x, https:\/\/i0.wp.com\/www.lozt.fr\/wp-content\/uploads\/2016\/02\/llqp.jpg?fit=851%2C315&ssl=1&resize=525%2C300 1.5x, https:\/\/i0.wp.com\/www.lozt.fr\/wp-content\/uploads\/2016\/02\/llqp.jpg?fit=851%2C315&ssl=1&resize=700%2C400 2x"},"classes":[]},{"id":1084,"url":"https:\/\/www.lozt.fr\/index.php\/2020\/06\/24\/voyages-ordinaires-2-lhomme-des-foules\/","url_meta":{"origin":1496,"position":1},"title":"Voyages ordinaires (2) : l&rsquo;homme des foules","author":"Fran\u00e7ois Lozet","date":"24 juin 2020","format":false,"excerpt":"L\u2019homme des foules\u00a0de Poe. C\u2019est le fl\u00e2neur parfait, qui a \u00e9lu domicile dans l\u2019ombre du nombre, dans l\u2019ondoyant de la foule. C\u2019est un vieil homme qui traverse la ville pour retrouver les quartiers les plus fr\u00e9quent\u00e9s. Il le fait non pour se perdre, non pour se fondre, mais pour\u00a0participer, chor\u00e9graphiquement,\u2026","rel":"","context":"Dans &quot;Figures&quot;","block_context":{"text":"Figures","link":"https:\/\/www.lozt.fr\/index.php\/category\/voyages-ordinaires-extraits\/figures\/"},"img":{"alt_text":"","src":"https:\/\/i0.wp.com\/www.lozt.fr\/wp-content\/uploads\/2016\/09\/img_0534.jpg?fit=900%2C1200&ssl=1&resize=350%2C200","width":350,"height":200,"srcset":"https:\/\/i0.wp.com\/www.lozt.fr\/wp-content\/uploads\/2016\/09\/img_0534.jpg?fit=900%2C1200&ssl=1&resize=350%2C200 1x, https:\/\/i0.wp.com\/www.lozt.fr\/wp-content\/uploads\/2016\/09\/img_0534.jpg?fit=900%2C1200&ssl=1&resize=525%2C300 1.5x, https:\/\/i0.wp.com\/www.lozt.fr\/wp-content\/uploads\/2016\/09\/img_0534.jpg?fit=900%2C1200&ssl=1&resize=700%2C400 2x"},"classes":[]},{"id":1526,"url":"https:\/\/www.lozt.fr\/index.php\/2023\/04\/20\/le-podcast-des-voyages-ordinaires-2-saison-2-cecil-l-recchia\/","url_meta":{"origin":1496,"position":2},"title":"Le Podcast des Voyages ordinaires 2, saison 2 &#8211; C\u00e9cil Recchia","author":"Fran\u00e7ois Lozet","date":"20 avril 2023","format":false,"excerpt":"Un jour, alors qu\u2019il prenait le train, L\u00e9o se mit \u00e0 penser\u00a0: Eh bien voil\u00e0, vous \u00eates voyageur et vous partez, ou vous arrivez. Pour vous, ce sont des \u00e9v\u00e9nements. Des \u00e9v\u00e9nements cr\u00e9ant\u00a0\u2013\u00a0pourquoi pas\u00a0?\u00a0\u2013\u00a0une histoire. Les histoires, c'est exactement \u00ab\u00a0comme\u00a0\u00bb \u00e7a, vous le ressentez comme \u00e7a\u00a0: comme une suite d\u2019\u00e9v\u00e9nements.\u2026","rel":"","context":"Dans &quot;Podcast&quot;","block_context":{"text":"Podcast","link":"https:\/\/www.lozt.fr\/index.php\/category\/podcast\/"},"img":{"alt_text":"Portrait de Cecil L. Recchia","src":"https:\/\/i0.wp.com\/www.lozt.fr\/wp-content\/uploads\/2023\/03\/CECIL-L-RECCHIA%C2%A9peurduloup1299-1200px647px.jpg?fit=1200%2C647&ssl=1&resize=350%2C200","width":350,"height":200,"srcset":"https:\/\/i0.wp.com\/www.lozt.fr\/wp-content\/uploads\/2023\/03\/CECIL-L-RECCHIA%C2%A9peurduloup1299-1200px647px.jpg?fit=1200%2C647&ssl=1&resize=350%2C200 1x, https:\/\/i0.wp.com\/www.lozt.fr\/wp-content\/uploads\/2023\/03\/CECIL-L-RECCHIA%C2%A9peurduloup1299-1200px647px.jpg?fit=1200%2C647&ssl=1&resize=525%2C300 1.5x, https:\/\/i0.wp.com\/www.lozt.fr\/wp-content\/uploads\/2023\/03\/CECIL-L-RECCHIA%C2%A9peurduloup1299-1200px647px.jpg?fit=1200%2C647&ssl=1&resize=700%2C400 2x, https:\/\/i0.wp.com\/www.lozt.fr\/wp-content\/uploads\/2023\/03\/CECIL-L-RECCHIA%C2%A9peurduloup1299-1200px647px.jpg?fit=1200%2C647&ssl=1&resize=1050%2C600 3x"},"classes":[]},{"id":1256,"url":"https:\/\/www.lozt.fr\/index.php\/2021\/10\/17\/les-voyages-ordinaires-2-insectes\/","url_meta":{"origin":1496,"position":3},"title":"Les Voyages ordinaires (2) : Insectes","author":"Fran\u00e7ois Lozet","date":"17 octobre 2021","format":false,"excerpt":"Il recopia un premier ha\u00efku d\u2019Issa\u00a0: \u00ab\u00a0Renaissants, tels des papillons dans les champs, peut-\u00eatre serons-nous heureux ensemble\u00a0\u00bb. Il regarda un instant l\u2019encre s\u00e9cher, impr\u00e9gnant les fibres fines du papier, des fibres de murier qui se pr\u00eataient poliment \u00e0 cette r\u00e9incarnation savante. Son esprit r\u00eava un peu. Il ne pouvait se\u2026","rel":"","context":"Dans &quot;Figures&quot;","block_context":{"text":"Figures","link":"https:\/\/www.lozt.fr\/index.php\/category\/voyages-ordinaires-extraits\/figures\/"},"img":{"alt_text":"Kusa-Hibari","src":"https:\/\/i0.wp.com\/www.lozt.fr\/wp-content\/uploads\/2021\/10\/zillt069_ah.png?fit=1042%2C660&ssl=1&resize=350%2C200","width":350,"height":200,"srcset":"https:\/\/i0.wp.com\/www.lozt.fr\/wp-content\/uploads\/2021\/10\/zillt069_ah.png?fit=1042%2C660&ssl=1&resize=350%2C200 1x, https:\/\/i0.wp.com\/www.lozt.fr\/wp-content\/uploads\/2021\/10\/zillt069_ah.png?fit=1042%2C660&ssl=1&resize=525%2C300 1.5x, https:\/\/i0.wp.com\/www.lozt.fr\/wp-content\/uploads\/2021\/10\/zillt069_ah.png?fit=1042%2C660&ssl=1&resize=700%2C400 2x"},"classes":[]},{"id":1699,"url":"https:\/\/www.lozt.fr\/index.php\/2024\/05\/27\/les-voyages-ordinaires-tome-3-extrait-2\/","url_meta":{"origin":1496,"position":4},"title":"Les Voyages ordinaires, tome 3 (extrait 2)","author":"Fran\u00e7ois Lozet","date":"27 mai 2024","format":false,"excerpt":"En attendant la sortie du tome 2 cet automne des Voyages ordinaires, le tome 3 s'est \u00e9crit. Combien de temps encore avant qu'il sorte ? Je ne sais pas. Mais l'\u00e9criture est quotidienne. Tout continue. \"Le rapport entre vivants est un rapport de temps et de tempo diff\u00e9rents. Ce sont\u2026","rel":"","context":"Dans &quot;Voyages ordinaires, extraits&quot;","block_context":{"text":"Voyages ordinaires, extraits","link":"https:\/\/www.lozt.fr\/index.php\/category\/voyages-ordinaires-extraits\/"},"img":{"alt_text":"Voyage au centre de la terre, illustration Riou","src":"https:\/\/i0.wp.com\/www.lozt.fr\/wp-content\/uploads\/2024\/05\/Edouard-Riou-Illustration-from-Voyage-au-centre-de-la-terre-by-Jules-Verne-1828-1905-engraved-by-Pannemaker-published-by-JHetzel-MeisterDrucke-189531.png?fit=1167%2C1200&ssl=1&resize=350%2C200","width":350,"height":200,"srcset":"https:\/\/i0.wp.com\/www.lozt.fr\/wp-content\/uploads\/2024\/05\/Edouard-Riou-Illustration-from-Voyage-au-centre-de-la-terre-by-Jules-Verne-1828-1905-engraved-by-Pannemaker-published-by-JHetzel-MeisterDrucke-189531.png?fit=1167%2C1200&ssl=1&resize=350%2C200 1x, https:\/\/i0.wp.com\/www.lozt.fr\/wp-content\/uploads\/2024\/05\/Edouard-Riou-Illustration-from-Voyage-au-centre-de-la-terre-by-Jules-Verne-1828-1905-engraved-by-Pannemaker-published-by-JHetzel-MeisterDrucke-189531.png?fit=1167%2C1200&ssl=1&resize=525%2C300 1.5x, https:\/\/i0.wp.com\/www.lozt.fr\/wp-content\/uploads\/2024\/05\/Edouard-Riou-Illustration-from-Voyage-au-centre-de-la-terre-by-Jules-Verne-1828-1905-engraved-by-Pannemaker-published-by-JHetzel-MeisterDrucke-189531.png?fit=1167%2C1200&ssl=1&resize=700%2C400 2x, https:\/\/i0.wp.com\/www.lozt.fr\/wp-content\/uploads\/2024\/05\/Edouard-Riou-Illustration-from-Voyage-au-centre-de-la-terre-by-Jules-Verne-1828-1905-engraved-by-Pannemaker-published-by-JHetzel-MeisterDrucke-189531.png?fit=1167%2C1200&ssl=1&resize=1050%2C600 3x"},"classes":[]},{"id":160,"url":"https:\/\/www.lozt.fr\/index.php\/2016\/07\/25\/160\/","url_meta":{"origin":1496,"position":5},"title":"Passages","author":"Fran\u00e7ois Lozet","date":"25 juillet 2016","format":false,"excerpt":"Ou alors, peut-\u00eatre que \u00e7a s\u2019\u00e9crit maintenant comme \u00e7a\u00a0: ce serait l\u2019actualisation litt\u00e9raire du principe de l'hyperlien, un mode de pens\u00e9e non pas n\u00e9 avec (l'hyperlien), mais devenu discr\u00e8tement majoritaire... Comme si, au c\u0153ur de chaque paragraphe, se glissait une sortie possible, un scintillement, comme si l'on pouvait passer d'une\u2026","rel":"","context":"Dans &quot;Voyages ordinaires, extraits&quot;","block_context":{"text":"Voyages ordinaires, extraits","link":"https:\/\/www.lozt.fr\/index.php\/category\/voyages-ordinaires-extraits\/"},"img":{"alt_text":"IMG_2126","src":"https:\/\/i0.wp.com\/www.lozt.fr\/wp-content\/uploads\/2016\/07\/IMG_2126.jpg?resize=350%2C200","width":350,"height":200},"classes":[]}],"_links":{"self":[{"href":"https:\/\/www.lozt.fr\/index.php\/wp-json\/wp\/v2\/posts\/1496","targetHints":{"allow":["GET"]}}],"collection":[{"href":"https:\/\/www.lozt.fr\/index.php\/wp-json\/wp\/v2\/posts"}],"about":[{"href":"https:\/\/www.lozt.fr\/index.php\/wp-json\/wp\/v2\/types\/post"}],"author":[{"embeddable":true,"href":"https:\/\/www.lozt.fr\/index.php\/wp-json\/wp\/v2\/users\/1"}],"replies":[{"embeddable":true,"href":"https:\/\/www.lozt.fr\/index.php\/wp-json\/wp\/v2\/comments?post=1496"}],"version-history":[{"count":3,"href":"https:\/\/www.lozt.fr\/index.php\/wp-json\/wp\/v2\/posts\/1496\/revisions"}],"predecessor-version":[{"id":1532,"href":"https:\/\/www.lozt.fr\/index.php\/wp-json\/wp\/v2\/posts\/1496\/revisions\/1532"}],"wp:featuredmedia":[{"embeddable":true,"href":"https:\/\/www.lozt.fr\/index.php\/wp-json\/wp\/v2\/media\/1499"}],"wp:attachment":[{"href":"https:\/\/www.lozt.fr\/index.php\/wp-json\/wp\/v2\/media?parent=1496"}],"wp:term":[{"taxonomy":"category","embeddable":true,"href":"https:\/\/www.lozt.fr\/index.php\/wp-json\/wp\/v2\/categories?post=1496"},{"taxonomy":"post_tag","embeddable":true,"href":"https:\/\/www.lozt.fr\/index.php\/wp-json\/wp\/v2\/tags?post=1496"}],"curies":[{"name":"wp","href":"https:\/\/api.w.org\/{rel}","templated":true}]}}