{"id":1764,"date":"2025-11-11T12:50:48","date_gmt":"2025-11-11T10:50:48","guid":{"rendered":"https:\/\/www.lozt.fr\/?p=1764"},"modified":"2025-11-11T12:50:50","modified_gmt":"2025-11-11T10:50:50","slug":"lelephant-au-milieu-de-la-piece","status":"publish","type":"post","link":"https:\/\/www.lozt.fr\/index.php\/2025\/11\/11\/lelephant-au-milieu-de-la-piece\/","title":{"rendered":"L&rsquo;\u00e9l\u00e9phant au milieu de la pi\u00e8ce"},"content":{"rendered":"\n<p>On peut se saisir d\u2019une \u00e9poque en analysant ses crises, ses conflits et ses rapports de force d\u2019\u00e9vidence&nbsp;: l\u00e0 o\u00f9 se jouent les bascules historiques, les instants de passage d\u2019une \u00e8re \u00e0 une autre. On peut aussi tenter de comprendre notre temps par des d\u00e9tails, de ces petits riens qui ne paient pas de mine &#8211; ou ne font pas figure &#8211; mais qui, dans le signe qu\u2019ils donnent de nos rapports \u00e0 l\u2019autre, dans nos mises en commerce, disent beaucoup de ce que l\u2019on imagine \u00eatre le monde.<\/p>\n\n\n\n<p>Mon premier voyage au Japon date d\u2019il y a d\u00e9j\u00e0 trente ans. Et cela faisait dix ans que je n\u2019y \u00e9tais plus retourn\u00e9. Ceux qui me connaissent savent ma fascination pour les lettres, l\u2019histoire, la culture et la spiritualit\u00e9 de ce pays. Pour les ambivalences de sa langue, ses politesses, ses ritualisations du quotidien. Ses remarquables int\u00e9riorit\u00e9s. Ses d\u00e9licatesses minutieuses, et ses cruaut\u00e9s hi\u00e9rarchiques (les injustices font penser).&nbsp;<\/p>\n\n\n\n<p>Dix ans c\u2019est beaucoup. Je n\u2019ai pas vu venir ce qui pourtant \u00e9tait gros comme le nez d\u2019un Tengu&nbsp;: le Japon ces derni\u00e8res ann\u00e9es a gagn\u00e9 \u00e0 son tour la bataille du&nbsp;<em>softpower<\/em>.&nbsp;<em>Anime<\/em>, manga, sushis et Miyazaki ont conquis le c\u0153ur de beaucoup. Fini le kamikaze, le ninja, le salaryman \u00e9puis\u00e9 et le pass\u00e9 militariste. D\u00e8s l\u2019a\u00e9roport d\u2019Osaka c\u2019\u00e9tait manifeste&nbsp;: il y avait tant de personnes aux portillons des douanes. Je pensais \u00e0 l\u2019exposition universelle, mais l\u2019exposition universelle avait ferm\u00e9 ses portes une semaine plus t\u00f4t. C\u2019\u00e9tait donc un r\u00e9gime plus habituel.&nbsp;Et un constat&nbsp;: le tourisme de masse est arriv\u00e9 au Japon. Malheureusement.&nbsp;<br>Malheureusement parce que c\u2019est un tourisme pour lequel il ne s\u2019agit pas tant de voir que de se voir en train de voir, pr\u00e9mices du souvenir \u00e0 venir. Malheureusement parce que c\u2019est un tourisme dont l\u2019outil principal est le smartphone en mode selfie. Un t\u00e9l\u00e9phone dont l\u2019objet, on le comprend, n\u2019est pas tant d\u2019entendre et d\u2019\u00e9couter que de parler.&nbsp;<\/p>\n\n\n\n<p>Dans certains sanctuaires de Kyoto maintenant on croise parfois des visiteurs manifestement non-japonais habill\u00e9s en kimono. Affubl\u00e9s serait le bon mot pour faire entendre la fable ou les films \u00e9voqu\u00e9s. Ils ne savent d\u00e9cid\u00e9ment pas comment on marche avec. Tandis que d\u2019autres, de jeunes occidentaux pour beaucoup tatou\u00e9s, finiront par s\u2019interroger sur les regards circonspects qu\u2019ils provoquent, et s\u2019\u00e9tonnent que des lieux puissent encore leur \u00eatre \u00e9ventuellement interdits (les onsen publics notamment)&nbsp;<\/p>\n\n\n\n<p>En cons\u00e9quence, au pourtour des lieux les plus connus, \u00e0 Kyoto &#8211; pris maintenant d\u2019assaut comme la place du Tertre \u00e0 Montmartre ou celle de St Marc \u00e0 Venise &#8211; on se retrouve dans le grand mus\u00e9e du monde et de la chose morte du souvenir qu\u2019on met en vente.<\/p>\n\n\n\n<p>Et puis, les \u00e9trangers font beaucoup de bruit, mangent ou boivent en marchant, et cela ne se fait pas. Ils prennent toute la place, d\u00e9sorganisent un peu les transports publics quotidiens, ne savent pas trop quoi faire de leurs d\u00e9chets (il n\u2019y a pas de poubelles dans l\u2019espace public). Petites incivilit\u00e9s qui semblent sans cons\u00e9quences. Pour beaucoup, les Japonais gardent le tact de ne pas vous voir, comme on ne verrait pas l\u2019\u00e9l\u00e9phant au milieu d\u2019un magasin de porcelaines.&nbsp;<\/p>\n\n\n\n<p>Parler des autres et de leur comportement est facile. Mais voil\u00e0, moi-m\u00eame qu\u2019ai-je fait ? J\u2019avais appris qu\u2019une des deux tombes de Junichirou Tanizaki se trouvait dans le petit cimeti\u00e8re du temple de H\u014dnen-in \u00e0 l\u2019est de Kyoto (l\u2019autre se trouve \u00e0 Tokyo o\u00f9 il vivait. Oui, on peut avoir deux tombes comme on peut avoir eu plusieurs vies). Tanizaki est un \u00e9crivain que j\u2019admire. Et Wasaburo me dit que sa tombe est \u00e0 deux pas du Gingaku-ji dont j\u2019aime comme lui les jardins en automne, la fa\u00e7on de d\u00e9couvrir peu \u00e0 peu le pavillon, moins clinquant, plus aust\u00e8re et heureusement contemplatif que son fr\u00e8re plus connu, le Pavillon d\u2019or, \u00e0 l\u2019ouest de la ville. Nous voil\u00e0 donc \u00e0 parcourir le cimeti\u00e8re, dans la lumi\u00e8re douce d\u00e9coup\u00e9e par les arbres d\u2019une fin d\u2019apr\u00e8s-midi d\u2019octobre. (Ce sera, avec un cr\u00e9puscule au grand sanctuaire shint\u014d&nbsp;d\u2019Izumo Taisha, un de mes souvenirs les plus marquants de ce voyage.) L\u2019apr\u00e8s-monde d\u2019ici est d\u00e9licat, r\u00e9serv\u00e9 aux cryptom\u00e8res et \u00e0 la mousse. Pas simple \u00e0 trouver. Mais enfin la tombe est l\u00e0, un peu isol\u00e9e, et jumelle, en haut.&nbsp;<\/p>\n\n\n\n<p>Je ne suis pas croyant. Je n\u2019ai pas pris le temps de me recueillir, je le ferais un peu plus tard, un peu honteux. Car mon premier r\u00e9flexe a \u00e9t\u00e9 de prendre en photo cette st\u00e8le de roche ronde marqu\u00e9e de son kanji. M\u00fb par le r\u00e9flexe de la d\u00e9couverte. M\u00fb sans aucun doute par le m\u00eame souci de touriste de dire que j\u2019y \u00e9tais. Que du haut de ce d\u00e9cor, quelque chose de ce d\u00e9cor me voyait.&nbsp;<\/p>\n\n\n\n<p>Ce serait presque un koan zen&nbsp;: au Japon, l\u2019\u00e9l\u00e9phant au milieu de la pi\u00e8ce, c\u2019est toujours soi-m\u00eame.<\/p>\n\n\n\n<p>Alors bien s\u00fbr on peut toujours se dire qu\u2019il y a quelque chose du lit de Procuste dans la conformit\u00e9 et la discr\u00e9tion japonaise (Procuste, c\u2019\u00e9tait ce brigand que tua Th\u00e9s\u00e9e. Tenant une auberge, il offrait des lits trop petits \u00e0 des h\u00f4tes trop grands, ou trop grands \u00e0 des h\u00f4tes trop petits. Il s\u2019occupait ensuite de leur couper les membres ou de les \u00e9tirer pour les mettre \u00e0 la bonne taille). Mais cette rapide opinion d\u2019occidental est bien trop courte, en plus d\u2019\u00eatre fausse. Il y a eu dans l\u2019histoire des arts renomm\u00e9s de l\u2019hospitalit\u00e9&nbsp;: celui de la Gr\u00e8ce antique que Jean-Pierre Vernant dit avoir retrouv\u00e9 lors de ses premiers voyages chez les paysans de la Gr\u00e8ce des ann\u00e9es 1930. Celui de l\u2019hospitalit\u00e9 g\u00e9n\u00e9reuse et l\u00e9gendaire des peuples arabes et m\u00e9diterran\u00e9ens.&nbsp;<\/p>\n\n\n\n<p>L\u2019hospitalit\u00e9 des humains du Japon se joue autrement. Elle se base sur ce qu\u2019on appelle l\u00e0-bas&nbsp;<em>omotenashi<\/em>&nbsp;(\u304a\u3082\u3066\u306a\u3057)&nbsp;: c\u2019est, fond\u00e9e sur une attention discr\u00e8te, sinc\u00e8re et anticipatrice port\u00e9e \u00e0 autrui, une mani\u00e8re d\u2019accueillir en recherchant la justesse du geste du don. Comme dans la c\u00e9r\u00e9monie du th\u00e9. C\u2019est un art d\u00e9licat de la pr\u00e9sence et de l\u2019intuition empathique. Un art presque esth\u00e9tique du service rendu&nbsp;: l\u00e0-bas, \u00eatre humain, c\u2019est savoir habiter entre les humains. Savoir accueillir. On comprend tout ce que ce savoir vivre ensemble pourrait nous apporter ici, si on l\u2019entendait vraiment.<\/p>\n\n\n\n<p>Mais on comprend aussi d\u00e8s lors la difficult\u00e9 pos\u00e9e par ce tourisme de masse. Un tourisme qui souvent n\u2019a m\u00eame pas les bases de cette civilit\u00e9 et de cette g\u00e9n\u00e9rosit\u00e9 discr\u00e8te, aussi attentif que chacun puisse \u00eatre aux mangas ou aux films regard\u00e9s.&nbsp;<\/p>\n\n\n\n<p>Alors, un conseil \u00e0 ceux qui se pr\u00e9pareraient \u00e0 visiter cet extr\u00eame de notre lointain, et \u00e0 d\u00e9couvrir la culture \u00e9lectrique de ses grandes villes comme \u00e0 se laisser aller \u00e0 la contemplation d\u2019un \u00e9rable d\u2019automne ou d\u2019une saison de cerisiers : lisez tous les conseils qui vous sont donn\u00e9s, et pr\u00e9parez-vous \u00e0 vous oublier un peu.<\/p>\n\n\n\n<p>Sinon, et si vous ne comprenez pas la gr\u00e2ce d\u2019un sanctuaire shint\u00f4, les interrogations sur le vide et la beaut\u00e9 d\u2019un jardin sec, la sacralit\u00e9 d\u2019une pierre ou d\u2019un arbre, n\u2019y allez pas. Gardez le Japon tel qu\u2019il se r\u00eave et tel que vous le r\u00eavez. Laissez-le \u00e0 cet archipel mental, montueux et maritime qu\u2019il continue d\u2019\u00eatre.&nbsp;<\/p>\n\n\n\n<p>Faute de quoi, le repli nationaliste reviendra hanter ces terres. Le nationalisme, et le racisme m\u00eame dans lequel il n\u2019y a pas trop \u00e0 pousser les humains quand ils se disent que leur culture vaut mieux que celle des autres. Ici comme ailleurs dans le monde l\u2019extr\u00eame droite a relev\u00e9 la t\u00eate aux derni\u00e8res \u00e9lections. Du fait m\u00eame de ces incivilit\u00e9s \u00e9trang\u00e8res, des investissements de riches chinois \u2013 et du vieillissement de la population japonaise. Et cela nous masquera \u00e0 nouveau l\u2019extr\u00eame d\u00e9licatesse de ces h\u00f4tes pour lesquels la politesse et le service rendu ne sont pas des mani\u00e8res de fa\u00e7ade, mais des questions tr\u00e8s profondes d\u2019attention port\u00e9e par avance \u00e0 l\u2019int\u00e9riorit\u00e9 d\u2019autrui.&nbsp;<\/p>\n\n\n\n<p>C\u2019est de cela dont on aurait beaucoup \u00e0 apprendre. Dans nos soci\u00e9t\u00e9s qui confient si souvent au contraire leurs fa\u00e7ons polic\u00e9es \u00e0 la matraque, \u00e0 l\u2019amende et \u00e0 l\u2019uniforme des contr\u00f4leurs de tout bord.<\/p>\n","protected":false},"excerpt":{"rendered":"<p>On peut se saisir d\u2019une \u00e9poque en analysant ses crises, ses conflits et ses rapports de force d\u2019\u00e9vidence&nbsp;: l\u00e0 o\u00f9 se jouent les bascules historiques, les instants de passage d\u2019une \u00e8re \u00e0 une autre. On peut aussi tenter de comprendre notre temps par des d\u00e9tails, de ces petits riens qui ne paient pas de mine [&hellip;]<\/p>\n","protected":false},"author":1,"featured_media":1765,"comment_status":"closed","ping_status":"closed","sticky":false,"template":"","format":"standard","meta":{"jetpack_post_was_ever_published":false,"_jetpack_newsletter_access":"","_jetpack_dont_email_post_to_subs":false,"_jetpack_newsletter_tier_id":0,"_jetpack_memberships_contains_paywalled_content":false,"_jetpack_memberships_contains_paid_content":false,"footnotes":""},"categories":[2,4],"tags":[],"class_list":{"0":"post-1764","1":"post","2":"type-post","3":"status-publish","4":"format-standard","5":"has-post-thumbnail","6":"hentry","7":"category-actualites","8":"category-memoires","10":"fallback-thumbnail"},"jetpack_featured_media_url":"https:\/\/i0.wp.com\/www.lozt.fr\/wp-content\/uploads\/2025\/11\/IMG_2872-scaled.jpeg?fit=2560%2C1440&ssl=1","jetpack_sharing_enabled":true,"jetpack_shortlink":"https:\/\/wp.me\/p7KBXa-ss","jetpack-related-posts":[{"id":478,"url":"https:\/\/www.lozt.fr\/index.php\/2017\/09\/18\/climats\/","url_meta":{"origin":1764,"position":0},"title":"Climats","author":"Fran\u00e7ois Lozet","date":"18 septembre 2017","format":false,"excerpt":"On se saisit d'une \u00e9poque par son climat, par les histoires qu'elle se raconte, par les \u00e9v\u00e9nements qu'elle choisit de ne pas oublier comme \u00e0 ceux qu'elle oublie. C'est sa machinerie m\u00e9morielle qu'il s'agit d'interroger, permettant de comprendre comment une \u00e9poque se poursuit dans une autre avant de s'effacer (jamais\u2026","rel":"","context":"Dans &quot;M\u00e9moires&quot;","block_context":{"text":"M\u00e9moires","link":"https:\/\/www.lozt.fr\/index.php\/category\/memoires\/"},"img":{"alt_text":"","src":"https:\/\/i0.wp.com\/www.lozt.fr\/wp-content\/uploads\/2017\/09\/12304422_10154525079999762_2671069209511217213_o-1024x794.jpg?resize=350%2C200&ssl=1","width":350,"height":200,"srcset":"https:\/\/i0.wp.com\/www.lozt.fr\/wp-content\/uploads\/2017\/09\/12304422_10154525079999762_2671069209511217213_o-1024x794.jpg?resize=350%2C200&ssl=1 1x, https:\/\/i0.wp.com\/www.lozt.fr\/wp-content\/uploads\/2017\/09\/12304422_10154525079999762_2671069209511217213_o-1024x794.jpg?resize=525%2C300&ssl=1 1.5x"},"classes":[]},{"id":829,"url":"https:\/\/www.lozt.fr\/index.php\/2018\/12\/21\/la-peau-de-limage-ou-l_ange-de-lhistoire\/","url_meta":{"origin":1764,"position":1},"title":"La peau de l&rsquo;image (ou l&rsquo;Ange de l&rsquo;histoire)","author":"Fran\u00e7ois Lozet","date":"21 d\u00e9cembre 2018","format":false,"excerpt":"L'univers photographique de Lisa Sartorio Klee, Angelus Novus \u00ab\u00a0Il existe un tableau de Klee qui s\u2019intitule Angelus Novus \u00bb \u00e9crit Walter Benjamin dans Le concept d\u2019Histoire. (C\u2019est un tableau qu\u2019il connaissait bien, il lui appartenait.) \u00ab\u00a0Il repr\u00e9sente un ange qui semble sur le point de s\u2019\u00e9loigner de quelque chose qu\u2019il\u2026","rel":"","context":"Dans &quot;Actualit\u00e9s&quot;","block_context":{"text":"Actualit\u00e9s","link":"https:\/\/www.lozt.fr\/index.php\/category\/actualites\/"},"img":{"alt_text":"","src":"https:\/\/i0.wp.com\/www.lozt.fr\/wp-content\/uploads\/2019\/01\/Capture-d%E2%80%99e%CC%81cran-11.png?fit=486%2C486&ssl=1&resize=350%2C200","width":350,"height":200},"classes":[]},{"id":435,"url":"https:\/\/www.lozt.fr\/index.php\/2017\/05\/29\/la-machine\/","url_meta":{"origin":1764,"position":2},"title":"La machinerie m\u00e9morielle","author":"Fran\u00e7ois Lozet","date":"29 mai 2017","format":false,"excerpt":"R\u00e9flexions num\u00e9riques. C\u2019est sans aucun doute ce qui datera le plus significativement ces publications. Il y a besoin d\u2019\u00e9claircir ce qui semble unique dans l\u2019\u00e9poque travers\u00e9e\u00a0: les m\u00e9tamorphoses de fonction, les disparitions de m\u00e9tier, les nouvelles sociabilit\u00e9s incongrues que l\u2019apparition d\u2019un m\u00e9dia interactif a engendr\u00e9es en moins d\u2019une g\u00e9n\u00e9ration \u2013\u2026","rel":"","context":"Dans &quot;Actualit\u00e9s&quot;","block_context":{"text":"Actualit\u00e9s","link":"https:\/\/www.lozt.fr\/index.php\/category\/actualites\/"},"img":{"alt_text":"","src":"https:\/\/i0.wp.com\/www.lozt.fr\/wp-content\/uploads\/2017\/05\/18485617_10155383289800337_1998636915588181168_n.jpg?resize=350%2C200","width":350,"height":200,"srcset":"https:\/\/i0.wp.com\/www.lozt.fr\/wp-content\/uploads\/2017\/05\/18485617_10155383289800337_1998636915588181168_n.jpg?resize=350%2C200 1x, https:\/\/i0.wp.com\/www.lozt.fr\/wp-content\/uploads\/2017\/05\/18485617_10155383289800337_1998636915588181168_n.jpg?resize=525%2C300 1.5x"},"classes":[]},{"id":521,"url":"https:\/\/www.lozt.fr\/index.php\/2017\/11\/08\/figures-7-2\/","url_meta":{"origin":1764,"position":3},"title":"Figures (7)","author":"Fran\u00e7ois Lozet","date":"8 novembre 2017","format":false,"excerpt":"Il n\u2019y a qu\u2019un prisonnier, ayant pass\u00e9 plus de trente ans de son existence en prison, qui pouvait concevoir, avec une telle intensit\u00e9, une id\u00e9e pareille. M\u00e9ditation sur l\u2019infini. Louis Auguste Blanqui. Ni Dieu ni Ma\u00eetre. R\u00e9volutionnaire professionnel. Oiseau en cage. Si seulement il avait pu prendre la t\u00eate de\u2026","rel":"","context":"Dans &quot;Figures&quot;","block_context":{"text":"Figures","link":"https:\/\/www.lozt.fr\/index.php\/category\/voyages-ordinaires-extraits\/figures\/"},"img":{"alt_text":"","src":"https:\/\/i0.wp.com\/www.lozt.fr\/wp-content\/uploads\/2017\/11\/13151606_10209439007714138_7230499775020624222_n.jpg?fit=960%2C960&ssl=1&resize=350%2C200","width":350,"height":200,"srcset":"https:\/\/i0.wp.com\/www.lozt.fr\/wp-content\/uploads\/2017\/11\/13151606_10209439007714138_7230499775020624222_n.jpg?fit=960%2C960&ssl=1&resize=350%2C200 1x, https:\/\/i0.wp.com\/www.lozt.fr\/wp-content\/uploads\/2017\/11\/13151606_10209439007714138_7230499775020624222_n.jpg?fit=960%2C960&ssl=1&resize=525%2C300 1.5x, https:\/\/i0.wp.com\/www.lozt.fr\/wp-content\/uploads\/2017\/11\/13151606_10209439007714138_7230499775020624222_n.jpg?fit=960%2C960&ssl=1&resize=700%2C400 2x"},"classes":[]},{"id":1699,"url":"https:\/\/www.lozt.fr\/index.php\/2024\/05\/27\/les-voyages-ordinaires-tome-3-extrait-2\/","url_meta":{"origin":1764,"position":4},"title":"Les Voyages ordinaires, tome 3 (extrait 2)","author":"Fran\u00e7ois Lozet","date":"27 mai 2024","format":false,"excerpt":"En attendant la sortie du tome 2 cet automne des Voyages ordinaires, le tome 3 s'est \u00e9crit. Combien de temps encore avant qu'il sorte ? Je ne sais pas. Mais l'\u00e9criture est quotidienne. Tout continue. \"Le rapport entre vivants est un rapport de temps et de tempo diff\u00e9rents. Ce sont\u2026","rel":"","context":"Dans &quot;Voyages ordinaires, extraits&quot;","block_context":{"text":"Voyages ordinaires, extraits","link":"https:\/\/www.lozt.fr\/index.php\/category\/voyages-ordinaires-extraits\/"},"img":{"alt_text":"Voyage au centre de la terre, illustration Riou","src":"https:\/\/i0.wp.com\/www.lozt.fr\/wp-content\/uploads\/2024\/05\/Edouard-Riou-Illustration-from-Voyage-au-centre-de-la-terre-by-Jules-Verne-1828-1905-engraved-by-Pannemaker-published-by-JHetzel-MeisterDrucke-189531.png?fit=1167%2C1200&ssl=1&resize=350%2C200","width":350,"height":200,"srcset":"https:\/\/i0.wp.com\/www.lozt.fr\/wp-content\/uploads\/2024\/05\/Edouard-Riou-Illustration-from-Voyage-au-centre-de-la-terre-by-Jules-Verne-1828-1905-engraved-by-Pannemaker-published-by-JHetzel-MeisterDrucke-189531.png?fit=1167%2C1200&ssl=1&resize=350%2C200 1x, https:\/\/i0.wp.com\/www.lozt.fr\/wp-content\/uploads\/2024\/05\/Edouard-Riou-Illustration-from-Voyage-au-centre-de-la-terre-by-Jules-Verne-1828-1905-engraved-by-Pannemaker-published-by-JHetzel-MeisterDrucke-189531.png?fit=1167%2C1200&ssl=1&resize=525%2C300 1.5x, https:\/\/i0.wp.com\/www.lozt.fr\/wp-content\/uploads\/2024\/05\/Edouard-Riou-Illustration-from-Voyage-au-centre-de-la-terre-by-Jules-Verne-1828-1905-engraved-by-Pannemaker-published-by-JHetzel-MeisterDrucke-189531.png?fit=1167%2C1200&ssl=1&resize=700%2C400 2x, https:\/\/i0.wp.com\/www.lozt.fr\/wp-content\/uploads\/2024\/05\/Edouard-Riou-Illustration-from-Voyage-au-centre-de-la-terre-by-Jules-Verne-1828-1905-engraved-by-Pannemaker-published-by-JHetzel-MeisterDrucke-189531.png?fit=1167%2C1200&ssl=1&resize=1050%2C600 3x"},"classes":[]},{"id":76,"url":"https:\/\/www.lozt.fr\/index.php\/2016\/07\/12\/les-spectateurs-du-classique\/","url_meta":{"origin":1764,"position":5},"title":"Les spectateurs du classique","author":"Fran\u00e7ois Lozet","date":"12 juillet 2016","format":false,"excerpt":"En premier lieu, il y eut ce rapport du sociologue St\u00e9phane Dorin\u00a0l'ann\u00e9e derni\u00e8re : il faisait ressortir que l'\u00e2ge moyen des spectateurs de musique classique \u00e9tait pass\u00e9 de 36 ans en 1981, \u00e0 61 ans en 2015. D'autres \u00e9tudes font \u00e9tat d'un \u00e9cart moins grand, mais la tendance reste la\u2026","rel":"","context":"Dans &quot;Actualit\u00e9s&quot;","block_context":{"text":"Actualit\u00e9s","link":"https:\/\/www.lozt.fr\/index.php\/category\/actualites\/"},"img":{"alt_text":"Grandville_Tiere_1853-1","src":"https:\/\/i0.wp.com\/www.lozt.fr\/wp-content\/uploads\/2016\/07\/Grandville_Tiere_1853-1.jpg?resize=350%2C200","width":350,"height":200,"srcset":"https:\/\/i0.wp.com\/www.lozt.fr\/wp-content\/uploads\/2016\/07\/Grandville_Tiere_1853-1.jpg?resize=350%2C200 1x, https:\/\/i0.wp.com\/www.lozt.fr\/wp-content\/uploads\/2016\/07\/Grandville_Tiere_1853-1.jpg?resize=525%2C300 1.5x, https:\/\/i0.wp.com\/www.lozt.fr\/wp-content\/uploads\/2016\/07\/Grandville_Tiere_1853-1.jpg?resize=700%2C400 2x"},"classes":[]}],"_links":{"self":[{"href":"https:\/\/www.lozt.fr\/index.php\/wp-json\/wp\/v2\/posts\/1764","targetHints":{"allow":["GET"]}}],"collection":[{"href":"https:\/\/www.lozt.fr\/index.php\/wp-json\/wp\/v2\/posts"}],"about":[{"href":"https:\/\/www.lozt.fr\/index.php\/wp-json\/wp\/v2\/types\/post"}],"author":[{"embeddable":true,"href":"https:\/\/www.lozt.fr\/index.php\/wp-json\/wp\/v2\/users\/1"}],"replies":[{"embeddable":true,"href":"https:\/\/www.lozt.fr\/index.php\/wp-json\/wp\/v2\/comments?post=1764"}],"version-history":[{"count":1,"href":"https:\/\/www.lozt.fr\/index.php\/wp-json\/wp\/v2\/posts\/1764\/revisions"}],"predecessor-version":[{"id":1766,"href":"https:\/\/www.lozt.fr\/index.php\/wp-json\/wp\/v2\/posts\/1764\/revisions\/1766"}],"wp:featuredmedia":[{"embeddable":true,"href":"https:\/\/www.lozt.fr\/index.php\/wp-json\/wp\/v2\/media\/1765"}],"wp:attachment":[{"href":"https:\/\/www.lozt.fr\/index.php\/wp-json\/wp\/v2\/media?parent=1764"}],"wp:term":[{"taxonomy":"category","embeddable":true,"href":"https:\/\/www.lozt.fr\/index.php\/wp-json\/wp\/v2\/categories?post=1764"},{"taxonomy":"post_tag","embeddable":true,"href":"https:\/\/www.lozt.fr\/index.php\/wp-json\/wp\/v2\/tags?post=1764"}],"curies":[{"name":"wp","href":"https:\/\/api.w.org\/{rel}","templated":true}]}}