{"id":368,"date":"2017-02-21T15:18:22","date_gmt":"2017-02-21T13:18:22","guid":{"rendered":"http:\/\/www.lozt.fr\/?p=368"},"modified":"2018-02-16T16:32:02","modified_gmt":"2018-02-16T14:32:02","slug":"eclairante-culture","status":"publish","type":"post","link":"https:\/\/www.lozt.fr\/index.php\/2017\/02\/21\/eclairante-culture\/","title":{"rendered":"Eclairante culture"},"content":{"rendered":"<p class=\"p1\">En ouvrant cette page, je pensais \u00e9crire un article sur le sens des mots, sur <a href=\"https:\/\/fr.wikipedia.org\/wiki\/Hypoth\u00e8se_de_Sapir-Whorf\" target=\"_blank\">l\u2019hypoth\u00e8se de Sapir-Whorf<\/a>, sur les mots qui pensent \u00e0 travers nous, sur l\u2019histoire des sentiments qui ne peut \u00eatre autre chose que l\u2019histoire des mots dans lesquels ils se sont \u00e9nonc\u00e9s.\u00a0J&rsquo;aurais ensuite d\u00e9clin\u00e9 l&rsquo;argument autour du\u00a0langage des m\u00e9dias, aurais fait un petit d\u00e9tour par la \u00a0<a href=\"https:\/\/fr.wikipedia.org\/wiki\/Novlangue\" target=\"_blank\">novlangue<\/a>, pour m&rsquo;appesantir sur\u00a0la rar\u00e9faction linguistique et les torsions s\u00e9mantiques qui sont le signe de tout totalitarisme (de fait, l<span class=\"s1\">e totalitarisme, cela restera\u00a0toujours un espace sonore empoisonn\u00e9, une rar\u00e9faction du vocabulaire, une recherche infantile de vibrations communes sans d\u00e9ploiement d&rsquo;espace int\u00e9rieur individuel).<span class=\"Apple-converted-space\">\u00a0<\/span><\/span>\u00a0Ce sera pour un article prochain. L\u2019actualit\u00e9 peut-\u00eatre, dont la radio,\u00a0que j&rsquo;avais oubli\u00e9 d&rsquo;\u00e9teindre, dans la pi\u00e8ce \u00e0 c\u00f4t\u00e9 hurlait son t\u00e9moignage.<\/p>\n<p class=\"p1\">Je songeais distrait \u00e0 ce moment d&rsquo;ouvrir la page, \u00e0 propos de\u00a0Trump, qu\u2019il n\u2019y avait jamais eu dans l\u2019histoire d\u2019empire d\u00e9clinant sans empereur fou. La stup\u00e9faction qui nous est venue la\u00a0nuit de son \u00e9lection a sans doute une cause : \u00a0pensait-on, inconsciemment peut-\u00eatre, que cette forme de d\u00e9rive<span class=\"Apple-converted-space\">\u00a0 <\/span>\u00e9tait le fait de r\u00e9gime autocratiques, h\u00e9r\u00e9ditaires, et que la raison du plus grand nombre pr\u00e9venait les r\u00e9gimes d\u00e9mocratiques de telles d\u00e9rives.\u00a0Encore aurait-il fallu miser v\u00e9ritablement sur la d\u00e9mocratie, et la culture du plus grand nombre, plut\u00f4t que sur les t\u00e9l\u00e9r\u00e9alit\u00e9s dont Trump est le repr\u00e9sentant et le produit (bien plut\u00f4t que des r\u00e9seaux sociaux dont il n\u2019est jamais qu&rsquo;un utilisateur plus egocentr\u00e9 que\u00a0beaucoup\u00a0d&rsquo;autres).<\/p>\n<div id=\"attachment_369\" style=\"width: 535px\" class=\"wp-caption aligncenter\"><img data-recalc-dims=\"1\" loading=\"lazy\" decoding=\"async\" aria-describedby=\"caption-attachment-369\" data-attachment-id=\"369\" data-permalink=\"https:\/\/www.lozt.fr\/index.php\/2017\/02\/21\/eclairante-culture\/dubuffet_89187_1\/\" data-orig-file=\"https:\/\/i0.wp.com\/www.lozt.fr\/wp-content\/uploads\/2017\/02\/dubuffet_89187_1.jpg?fit=1570%2C1000&amp;ssl=1\" data-orig-size=\"1570,1000\" data-comments-opened=\"1\" data-image-meta=\"{&quot;aperture&quot;:&quot;0&quot;,&quot;credit&quot;:&quot;&quot;,&quot;camera&quot;:&quot;&quot;,&quot;caption&quot;:&quot;&quot;,&quot;created_timestamp&quot;:&quot;0&quot;,&quot;copyright&quot;:&quot;&quot;,&quot;focal_length&quot;:&quot;0&quot;,&quot;iso&quot;:&quot;0&quot;,&quot;shutter_speed&quot;:&quot;0&quot;,&quot;title&quot;:&quot;&quot;,&quot;orientation&quot;:&quot;0&quot;}\" data-image-title=\"dubuffet_89187_1\" data-image-description=\"&lt;p&gt;Jean Dubuffet &amp;#8211; tir\u00e9 de la s\u00e9rie \u00ab\u00a0le site populeux\u00a0\u00bb&lt;\/p&gt;\n\" data-image-caption=\"&lt;p&gt;Jean Dubuffet &amp;#8211; \u00ab\u00a0le site populeux\u00a0\u00bb&lt;\/p&gt;\n\" data-large-file=\"https:\/\/i0.wp.com\/www.lozt.fr\/wp-content\/uploads\/2017\/02\/dubuffet_89187_1.jpg?fit=1024%2C652&amp;ssl=1\" class=\"size-large wp-image-369\" src=\"https:\/\/i0.wp.com\/www.lozt.fr\/wp-content\/uploads\/2017\/02\/dubuffet_89187_1.jpg?resize=525%2C334&#038;ssl=1\" alt=\"Oeuvre de Jean Dubuffet\" width=\"525\" height=\"334\" srcset=\"https:\/\/i0.wp.com\/www.lozt.fr\/wp-content\/uploads\/2017\/02\/dubuffet_89187_1.jpg?resize=1024%2C652&amp;ssl=1 1024w, https:\/\/i0.wp.com\/www.lozt.fr\/wp-content\/uploads\/2017\/02\/dubuffet_89187_1.jpg?resize=300%2C191&amp;ssl=1 300w, https:\/\/i0.wp.com\/www.lozt.fr\/wp-content\/uploads\/2017\/02\/dubuffet_89187_1.jpg?resize=768%2C489&amp;ssl=1 768w, https:\/\/i0.wp.com\/www.lozt.fr\/wp-content\/uploads\/2017\/02\/dubuffet_89187_1.jpg?w=1570&amp;ssl=1 1570w\" sizes=\"auto, (max-width: 525px) 100vw, 525px\" \/><p id=\"caption-attachment-369\" class=\"wp-caption-text\">Jean Dubuffet &#8211; \u00ab\u00a0le site populeux\u00a0\u00bb<\/p><\/div>\n<p class=\"p2\"><span class=\"s2\">Puis, laissant courir l&rsquo;imaginaire, cette id\u00e9e m\u2019est venue : <\/span>Il y a vingt ans, lisant <a href=\"https:\/\/fr.wikipedia.org\/wiki\/Jean_Dubuffet\" target=\"_blank\">Asphyxiante culture<\/a> de Dubuffet, j&rsquo;apprenais \u00e0 penser\u00a0que la ligne de partage entre artistes et professeurs \u00e9tait infranchissable : en r\u00e9sum\u00e9, que les professeurs transmettent ce qui a d\u00e9j\u00e0 \u00e9t\u00e9 fait,<span class=\"Apple-converted-space\">\u00a0capitalisent un savoir et des jugements,\u00a0<\/span>et ne peuvent en rien entrer dans le\u00a0processus cr\u00e9atif, sinon en le freinant,\u00a0l&rsquo;artiste cherchant justement au contraire l\u2019originalit\u00e9 d\u2019une nouvelle expression &#8211; et l&rsquo;apparition ou la r\u00e9activation d\u2019une nouvelle \u00e9motion (l&rsquo;apparition d&rsquo;un nouveau mot de sensation en quelque sorte).<\/p>\n<p class=\"p2\">Aujourd&rsquo;hui, effet de l\u2019\u00e2ge peut-\u00eatre mais\u00a0surtout des bouleversements num\u00e9riques, je ne pense plus exactement la m\u00eame chose\u00a0: nous devons faire ce qu&rsquo;\u00e0 l&rsquo;\u00e9poque de l&rsquo;imprimerie les humanistes d&rsquo;Erasme ont su faire &#8211; quand avec l&rsquo;imprimerie ils ont renou\u00e9 avec l&rsquo;antique : faire qu&rsquo;une r\u00e9volution m\u00e9diatique s&rsquo;accompagne d&rsquo;une renaissance culturelle &#8211; et spirituelle &#8211; en renouant avec un pass\u00e9 commun plus long que l&rsquo;actualit\u00e9 catastrophique du jour. Et n\u2019\u00eatre pas en d\u00e9faut de m\u00e9moire quand \u00a0le futur s&rsquo;\u00e9crit aussi vite qu&rsquo;un algorithme de gestion <em>big-data<\/em>, bien \u00e9videmment.<\/p>\n","protected":false},"excerpt":{"rendered":"<p>En ouvrant cette page, je pensais \u00e9crire un article sur le sens des mots, sur l\u2019hypoth\u00e8se de Sapir-Whorf, sur les mots qui pensent \u00e0 travers nous, sur l\u2019histoire des sentiments qui ne peut \u00eatre autre chose que l\u2019histoire des mots dans lesquels ils se sont \u00e9nonc\u00e9s.\u00a0J&rsquo;aurais ensuite d\u00e9clin\u00e9 l&rsquo;argument autour du\u00a0langage des m\u00e9dias, aurais fait [&hellip;]<\/p>\n","protected":false},"author":1,"featured_media":0,"comment_status":"closed","ping_status":"open","sticky":false,"template":"","format":"standard","meta":{"jetpack_post_was_ever_published":false,"_jetpack_newsletter_access":"","_jetpack_dont_email_post_to_subs":true,"_jetpack_newsletter_tier_id":0,"_jetpack_memberships_contains_paywalled_content":false,"_jetpack_memberships_contains_paid_content":false,"footnotes":""},"categories":[2,3,4],"tags":[],"class_list":["post-368","post","type-post","status-publish","format-standard","hentry","category-actualites","category-mediation-culturelle","category-memoires","has-post-thumbnail","fallback-thumbnail"],"jetpack_featured_media_url":"","jetpack_sharing_enabled":true,"jetpack_shortlink":"https:\/\/wp.me\/p7KBXa-5W","jetpack-related-posts":[{"id":21,"url":"https:\/\/www.lozt.fr\/index.php\/2016\/02\/07\/musique-et-nouvelles-technologies\/","url_meta":{"origin":368,"position":0},"title":"Musique et nouvelles technologies (propos d&rsquo;ouverture du 5\/02\/16)","author":"Fran\u00e7ois Lozet","date":"7 f\u00e9vrier 2016","format":"aside","excerpt":"Tout d'abord, en ce qui concerne les nouvelles technologies, posons\u00a0qu\u2019il faut toujours savoir les inscrire\u00a0dans le temps long \u2013 sous peine de prendre le dernier site ou la derni\u00e8re application venue pour un \u00e9v\u00e9nement lorsqu'ils peuvent n'\u00eatre qu'un effet de mode et d'usages \u00e0 obsolescence programm\u00e9e... De fait, ce qu'on\u2026","rel":"","context":"Dans &quot;M\u00e9diation culturelle&quot;","block_context":{"text":"M\u00e9diation culturelle","link":"https:\/\/www.lozt.fr\/index.php\/category\/mediation-culturelle\/"},"img":{"alt_text":"","src":"https:\/\/i0.wp.com\/www.lozt.fr\/wp-content\/uploads\/2016\/02\/llqp.jpg?fit=851%2C315&ssl=1&resize=350%2C200","width":350,"height":200,"srcset":"https:\/\/i0.wp.com\/www.lozt.fr\/wp-content\/uploads\/2016\/02\/llqp.jpg?fit=851%2C315&ssl=1&resize=350%2C200 1x, https:\/\/i0.wp.com\/www.lozt.fr\/wp-content\/uploads\/2016\/02\/llqp.jpg?fit=851%2C315&ssl=1&resize=525%2C300 1.5x, https:\/\/i0.wp.com\/www.lozt.fr\/wp-content\/uploads\/2016\/02\/llqp.jpg?fit=851%2C315&ssl=1&resize=700%2C400 2x"},"classes":[]},{"id":76,"url":"https:\/\/www.lozt.fr\/index.php\/2016\/07\/12\/les-spectateurs-du-classique\/","url_meta":{"origin":368,"position":1},"title":"Les spectateurs du classique","author":"Fran\u00e7ois Lozet","date":"12 juillet 2016","format":false,"excerpt":"En premier lieu, il y eut ce rapport du sociologue St\u00e9phane Dorin\u00a0l'ann\u00e9e derni\u00e8re : il faisait ressortir que l'\u00e2ge moyen des spectateurs de musique classique \u00e9tait pass\u00e9 de 36 ans en 1981, \u00e0 61 ans en 2015. D'autres \u00e9tudes font \u00e9tat d'un \u00e9cart moins grand, mais la tendance reste la\u2026","rel":"","context":"Dans &quot;Actualit\u00e9s&quot;","block_context":{"text":"Actualit\u00e9s","link":"https:\/\/www.lozt.fr\/index.php\/category\/actualites\/"},"img":{"alt_text":"Grandville_Tiere_1853-1","src":"https:\/\/i0.wp.com\/www.lozt.fr\/wp-content\/uploads\/2016\/07\/Grandville_Tiere_1853-1.jpg?resize=350%2C200","width":350,"height":200,"srcset":"https:\/\/i0.wp.com\/www.lozt.fr\/wp-content\/uploads\/2016\/07\/Grandville_Tiere_1853-1.jpg?resize=350%2C200 1x, https:\/\/i0.wp.com\/www.lozt.fr\/wp-content\/uploads\/2016\/07\/Grandville_Tiere_1853-1.jpg?resize=525%2C300 1.5x, https:\/\/i0.wp.com\/www.lozt.fr\/wp-content\/uploads\/2016\/07\/Grandville_Tiere_1853-1.jpg?resize=700%2C400 2x"},"classes":[]},{"id":521,"url":"https:\/\/www.lozt.fr\/index.php\/2017\/11\/08\/figures-7-2\/","url_meta":{"origin":368,"position":2},"title":"Figures (7)","author":"Fran\u00e7ois Lozet","date":"8 novembre 2017","format":false,"excerpt":"Il n\u2019y a qu\u2019un prisonnier, ayant pass\u00e9 plus de trente ans de son existence en prison, qui pouvait concevoir, avec une telle intensit\u00e9, une id\u00e9e pareille. M\u00e9ditation sur l\u2019infini. Louis Auguste Blanqui. Ni Dieu ni Ma\u00eetre. R\u00e9volutionnaire professionnel. Oiseau en cage. Si seulement il avait pu prendre la t\u00eate de\u2026","rel":"","context":"Dans &quot;Figures&quot;","block_context":{"text":"Figures","link":"https:\/\/www.lozt.fr\/index.php\/category\/voyages-ordinaires-extraits\/figures\/"},"img":{"alt_text":"","src":"https:\/\/i0.wp.com\/www.lozt.fr\/wp-content\/uploads\/2017\/11\/13151606_10209439007714138_7230499775020624222_n.jpg?fit=960%2C960&ssl=1&resize=350%2C200","width":350,"height":200,"srcset":"https:\/\/i0.wp.com\/www.lozt.fr\/wp-content\/uploads\/2017\/11\/13151606_10209439007714138_7230499775020624222_n.jpg?fit=960%2C960&ssl=1&resize=350%2C200 1x, https:\/\/i0.wp.com\/www.lozt.fr\/wp-content\/uploads\/2017\/11\/13151606_10209439007714138_7230499775020624222_n.jpg?fit=960%2C960&ssl=1&resize=525%2C300 1.5x, https:\/\/i0.wp.com\/www.lozt.fr\/wp-content\/uploads\/2017\/11\/13151606_10209439007714138_7230499775020624222_n.jpg?fit=960%2C960&ssl=1&resize=700%2C400 2x"},"classes":[]},{"id":755,"url":"https:\/\/www.lozt.fr\/index.php\/2018\/06\/05\/linstant-partage-1\/","url_meta":{"origin":368,"position":3},"title":"L&rsquo;instant partag\u00e9 (1)","author":"Fran\u00e7ois Lozet","date":"5 juin 2018","format":false,"excerpt":"(conf\u00e9rence prononc\u00e9e le 30 mai 2018 \u00e0 l'initiative du Th\u00e9\u00e2tre National Bordeaux Aquitaine et de l'Iddac (agence culturelle GIRONDE-nouvelle Aquitaine) au centre culturel de canejean) Introduction En fait, le v\u00e9ritable probl\u00e8me, c\u2019est celui de l\u2019instant. L\u2019instant o\u00f9 l\u2019on \u00e9prouve, ou l\u2019instant o\u00f9 l\u2019on n\u2019\u00e9prouve pas. C\u2019est un grand myst\u00e8re, que\u2026","rel":"","context":"Dans &quot;L'instant partag\u00e9&quot;","block_context":{"text":"L'instant partag\u00e9","link":"https:\/\/www.lozt.fr\/index.php\/category\/linstant-partage\/"},"img":{"alt_text":"Foule, aux Offices","src":"https:\/\/i0.wp.com\/www.lozt.fr\/wp-content\/uploads\/2018\/06\/2016-08-17-14.27.55-e1528102554195.jpg?fit=1200%2C900&ssl=1&resize=350%2C200","width":350,"height":200,"srcset":"https:\/\/i0.wp.com\/www.lozt.fr\/wp-content\/uploads\/2018\/06\/2016-08-17-14.27.55-e1528102554195.jpg?fit=1200%2C900&ssl=1&resize=350%2C200 1x, https:\/\/i0.wp.com\/www.lozt.fr\/wp-content\/uploads\/2018\/06\/2016-08-17-14.27.55-e1528102554195.jpg?fit=1200%2C900&ssl=1&resize=525%2C300 1.5x, https:\/\/i0.wp.com\/www.lozt.fr\/wp-content\/uploads\/2018\/06\/2016-08-17-14.27.55-e1528102554195.jpg?fit=1200%2C900&ssl=1&resize=700%2C400 2x, https:\/\/i0.wp.com\/www.lozt.fr\/wp-content\/uploads\/2018\/06\/2016-08-17-14.27.55-e1528102554195.jpg?fit=1200%2C900&ssl=1&resize=1050%2C600 3x"},"classes":[]},{"id":321,"url":"https:\/\/www.lozt.fr\/index.php\/2016\/12\/13\/321\/","url_meta":{"origin":368,"position":4},"title":"De la m\u00e9lancolie","author":"Fran\u00e7ois Lozet","date":"13 d\u00e9cembre 2016","format":false,"excerpt":"(...) Quand on navigue au hasard, parmi les pages et les pages de blogueurs de tous ordre, geek ou non, on s\u2019aper\u00e7oit combien la\u00a0m\u00e9lancolie ordinaire des intellectuels s\u2019est diffus\u00e9e (cette m\u00e9lancolie des condamn\u00e9s \u00e0 l\u2019inaction, les classes moyennes la connaissent bien) d\u00e9mocratis\u00e9e au point de mettre en danger la notion\u2026","rel":"","context":"Dans &quot;Voyages ordinaires, extraits&quot;","block_context":{"text":"Voyages ordinaires, extraits","link":"https:\/\/www.lozt.fr\/index.php\/category\/voyages-ordinaires-extraits\/"},"img":{"alt_text":"","src":"https:\/\/i0.wp.com\/www.lozt.fr\/wp-content\/uploads\/2016\/12\/805px-Du%CC%88rer_Melancholia_I.jpg?fit=805%2C1024&ssl=1&resize=350%2C200","width":350,"height":200,"srcset":"https:\/\/i0.wp.com\/www.lozt.fr\/wp-content\/uploads\/2016\/12\/805px-Du%CC%88rer_Melancholia_I.jpg?fit=805%2C1024&ssl=1&resize=350%2C200 1x, https:\/\/i0.wp.com\/www.lozt.fr\/wp-content\/uploads\/2016\/12\/805px-Du%CC%88rer_Melancholia_I.jpg?fit=805%2C1024&ssl=1&resize=525%2C300 1.5x, https:\/\/i0.wp.com\/www.lozt.fr\/wp-content\/uploads\/2016\/12\/805px-Du%CC%88rer_Melancholia_I.jpg?fit=805%2C1024&ssl=1&resize=700%2C400 2x"},"classes":[]},{"id":829,"url":"https:\/\/www.lozt.fr\/index.php\/2018\/12\/21\/la-peau-de-limage-ou-l_ange-de-lhistoire\/","url_meta":{"origin":368,"position":5},"title":"La peau de l&rsquo;image (ou l&rsquo;Ange de l&rsquo;histoire)","author":"Fran\u00e7ois Lozet","date":"21 d\u00e9cembre 2018","format":false,"excerpt":"L'univers photographique de Lisa Sartorio Klee, Angelus Novus \u00ab\u00a0Il existe un tableau de Klee qui s\u2019intitule Angelus Novus \u00bb \u00e9crit Walter Benjamin dans Le concept d\u2019Histoire. (C\u2019est un tableau qu\u2019il connaissait bien, il lui appartenait.) \u00ab\u00a0Il repr\u00e9sente un ange qui semble sur le point de s\u2019\u00e9loigner de quelque chose qu\u2019il\u2026","rel":"","context":"Dans &quot;Actualit\u00e9s&quot;","block_context":{"text":"Actualit\u00e9s","link":"https:\/\/www.lozt.fr\/index.php\/category\/actualites\/"},"img":{"alt_text":"","src":"https:\/\/i0.wp.com\/www.lozt.fr\/wp-content\/uploads\/2019\/01\/Capture-d%E2%80%99e%CC%81cran-11.png?fit=486%2C486&ssl=1&resize=350%2C200","width":350,"height":200},"classes":[]}],"_links":{"self":[{"href":"https:\/\/www.lozt.fr\/index.php\/wp-json\/wp\/v2\/posts\/368","targetHints":{"allow":["GET"]}}],"collection":[{"href":"https:\/\/www.lozt.fr\/index.php\/wp-json\/wp\/v2\/posts"}],"about":[{"href":"https:\/\/www.lozt.fr\/index.php\/wp-json\/wp\/v2\/types\/post"}],"author":[{"embeddable":true,"href":"https:\/\/www.lozt.fr\/index.php\/wp-json\/wp\/v2\/users\/1"}],"replies":[{"embeddable":true,"href":"https:\/\/www.lozt.fr\/index.php\/wp-json\/wp\/v2\/comments?post=368"}],"version-history":[{"count":11,"href":"https:\/\/www.lozt.fr\/index.php\/wp-json\/wp\/v2\/posts\/368\/revisions"}],"predecessor-version":[{"id":380,"href":"https:\/\/www.lozt.fr\/index.php\/wp-json\/wp\/v2\/posts\/368\/revisions\/380"}],"wp:attachment":[{"href":"https:\/\/www.lozt.fr\/index.php\/wp-json\/wp\/v2\/media?parent=368"}],"wp:term":[{"taxonomy":"category","embeddable":true,"href":"https:\/\/www.lozt.fr\/index.php\/wp-json\/wp\/v2\/categories?post=368"},{"taxonomy":"post_tag","embeddable":true,"href":"https:\/\/www.lozt.fr\/index.php\/wp-json\/wp\/v2\/tags?post=368"}],"curies":[{"name":"wp","href":"https:\/\/api.w.org\/{rel}","templated":true}]}}