{"id":393,"date":"2017-03-22T18:20:13","date_gmt":"2017-03-22T16:20:13","guid":{"rendered":"http:\/\/www.lozt.fr\/?p=393"},"modified":"2018-02-16T23:04:22","modified_gmt":"2018-02-16T21:04:22","slug":"les-corps-imaginaires-1","status":"publish","type":"post","link":"https:\/\/www.lozt.fr\/index.php\/2017\/03\/22\/les-corps-imaginaires-1\/","title":{"rendered":"Les corps imaginaires (1)"},"content":{"rendered":"<p><img data-recalc-dims=\"1\" loading=\"lazy\" decoding=\"async\" data-attachment-id=\"394\" data-permalink=\"https:\/\/www.lozt.fr\/index.php\/2017\/03\/22\/les-corps-imaginaires-1\/2017-03-21-20-51-21\/\" data-orig-file=\"https:\/\/i0.wp.com\/www.lozt.fr\/wp-content\/uploads\/2017\/03\/2017-03-21-20.51.21.jpg?fit=1992%2C1512&amp;ssl=1\" data-orig-size=\"1992,1512\" data-comments-opened=\"1\" data-image-meta=\"{&quot;aperture&quot;:&quot;0&quot;,&quot;credit&quot;:&quot;&quot;,&quot;camera&quot;:&quot;&quot;,&quot;caption&quot;:&quot;&quot;,&quot;created_timestamp&quot;:&quot;0&quot;,&quot;copyright&quot;:&quot;&quot;,&quot;focal_length&quot;:&quot;0&quot;,&quot;iso&quot;:&quot;0&quot;,&quot;shutter_speed&quot;:&quot;0&quot;,&quot;title&quot;:&quot;&quot;,&quot;orientation&quot;:&quot;1&quot;}\" data-image-title=\"Arbres\" data-image-description=\"\" data-image-caption=\"&lt;p&gt;Col de Royer &amp;#8211; arbres \/ @lozt_2017&lt;\/p&gt;\n\" data-large-file=\"https:\/\/i0.wp.com\/www.lozt.fr\/wp-content\/uploads\/2017\/03\/2017-03-21-20.51.21.jpg?fit=1024%2C777&amp;ssl=1\" class=\"size-large wp-image-394\" src=\"https:\/\/i0.wp.com\/www.lozt.fr\/wp-content\/uploads\/2017\/03\/2017-03-21-20.51.21.jpg?resize=525%2C398&#038;ssl=1\" alt=\"\" width=\"525\" height=\"398\" srcset=\"https:\/\/i0.wp.com\/www.lozt.fr\/wp-content\/uploads\/2017\/03\/2017-03-21-20.51.21.jpg?resize=1024%2C777&amp;ssl=1 1024w, https:\/\/i0.wp.com\/www.lozt.fr\/wp-content\/uploads\/2017\/03\/2017-03-21-20.51.21.jpg?resize=300%2C228&amp;ssl=1 300w, https:\/\/i0.wp.com\/www.lozt.fr\/wp-content\/uploads\/2017\/03\/2017-03-21-20.51.21.jpg?resize=768%2C583&amp;ssl=1 768w, https:\/\/i0.wp.com\/www.lozt.fr\/wp-content\/uploads\/2017\/03\/2017-03-21-20.51.21.jpg?w=1992&amp;ssl=1 1992w\" sizes=\"auto, (max-width: 525px) 100vw, 525px\" \/><\/p>\n<p>Imaginons que le monde soit une surface sur laquelle repose une infinit\u00e9 d\u2019informations, ainsi que l\u2019ensemble de leurs variations possibles. Il faut bien alors que quelque chose se pose en regard pour que ces informations soient lues. Comme il n\u2019est pas concevable que ce qui se pose en regard ne fasse pas partie du monde lui-m\u00eame, il faut bien que celui-ci se plie, ne serait-ce que pour venir se lire. (Une autre image serait celle du ruban de M\u00f6bius\u00a0: on prend un ruban de papier, on op\u00e8re sur lui une torsion d\u2019un demi-tour, on le referme en encollant les deux bouts, et on obtient un objet qui n\u2019a plus ni envers ni endroit mais une face unique pouvant se faire face. Une autre image encore serait celle de l\u2019h\u00e9lice de l\u2019ADN, mais je ne suis pas biologiste, et cela risquerait de faire d\u2019un exemple une explication trop globale.) La parole organise dans le monde de tels syst\u00e8mes de pliages, ou de torsions. L\u2019\u00e9criture, et tous les syst\u00e8mes de repr\u00e9sentations, font varier l\u2019endroit de la pliure, et le lieu de l\u2019interpr\u00e9tation\u00a0: l\u2019information lue se duplique, et vient se placer, on imagine plus ou moins sym\u00e9triquement, en un espace qu\u2019on pourrait qualifier d\u2019imaginaire mais qui ressemble vaguement \u00e0 l\u2019espace de travail d\u2019une conscience. C\u2019est tout ce travail que la litt\u00e9rature aimait organiser, synth\u00e9tisant l\u2019information et le t\u00e9moignage, et qui lui \u00e9chappe maintenant\u00a0: la duplication m\u00e9taphorique du monde se fait sur le Web. Entre avatars et id\u00e9aux du Moi, boutiques virtuelles et magasins en ligne, photographies de voyages et partages d\u2019exp\u00e9riences, Internet s\u2019offre comme une solution \u00e0 la m\u00e9lancolie d\u2019absence de d\u00e9bouch\u00e9s en ce monde. On y touche l\u00e0 le vrai de la mascarade humaine\u00a0: entre le copier-coller et l\u2019imitation maladroite, on entend de ces hommes qui prennent pour leur esprit l\u2019\u00e9cho de la parole d\u2019autrui &#8211; sans pouvoir leur en vouloir puisque nous sommes de m\u00eame. Reste la m\u00e9lancolie du m\u00e9tier de vivre\u00a0\u2013 et l\u2019exposition d\u2019espoirs dans la devanture <em>Facebook<\/em>\u00a0: l\u2019auto-promotion de soi pour vaincre le signe indien de nos vies quotidiennes.<\/p>\n","protected":false},"excerpt":{"rendered":"<p>Imaginons que le monde soit une surface sur laquelle repose une infinit\u00e9 d\u2019informations, ainsi que l\u2019ensemble de leurs variations possibles. Il faut bien alors que quelque chose se pose en regard pour que ces informations soient lues. Comme il n\u2019est pas concevable que ce qui se pose en regard ne fasse pas partie du monde [&hellip;]<\/p>\n","protected":false},"author":1,"featured_media":0,"comment_status":"closed","ping_status":"open","sticky":false,"template":"","format":"standard","meta":{"jetpack_post_was_ever_published":false,"_jetpack_newsletter_access":"","_jetpack_dont_email_post_to_subs":true,"_jetpack_newsletter_tier_id":0,"_jetpack_memberships_contains_paywalled_content":false,"_jetpack_memberships_contains_paid_content":false,"footnotes":""},"categories":[8],"tags":[],"class_list":["post-393","post","type-post","status-publish","format-standard","hentry","category-voyages-ordinaires-extraits","has-post-thumbnail","fallback-thumbnail"],"jetpack_featured_media_url":"","jetpack_sharing_enabled":true,"jetpack_shortlink":"https:\/\/wp.me\/p7KBXa-6l","jetpack-related-posts":[{"id":845,"url":"https:\/\/www.lozt.fr\/index.php\/2019\/01\/14\/dun-pas-sur-la-lune\/","url_meta":{"origin":393,"position":0},"title":"D&rsquo;un pas sur la lune","author":"Fran\u00e7ois Lozet","date":"14 janvier 2019","format":false,"excerpt":"Le texte-image, ou l\u2019image d\u2019un texte, c\u2019est ce que nos soci\u00e9t\u00e9s d\u2019\u00e9crans semblent faire subir \u00e0 l\u2019\u00e9crit, rendant le sens d\u2019avance \u00e0 son apparence, et la lisibilit\u00e9 \u00e0 son caract\u00e8re : jamais nous n\u2019avons tant lu, mais jamais nous n\u2019avons aussi peu lu d\u2019\u00e9critures manuscrites, dessin\u00e9es \u00e0 la main, dont\u2026","rel":"","context":"Dans &quot;L'instant partag\u00e9&quot;","block_context":{"text":"L'instant partag\u00e9","link":"https:\/\/www.lozt.fr\/index.php\/category\/linstant-partage\/"},"img":{"alt_text":"","src":"https:\/\/i0.wp.com\/www.lozt.fr\/wp-content\/uploads\/2019\/01\/l-empreinte-du-premier-pas-sur-la-lune-image-257604-article-ajust_930.jpg?fit=930%2C947&ssl=1&resize=350%2C200","width":350,"height":200,"srcset":"https:\/\/i0.wp.com\/www.lozt.fr\/wp-content\/uploads\/2019\/01\/l-empreinte-du-premier-pas-sur-la-lune-image-257604-article-ajust_930.jpg?fit=930%2C947&ssl=1&resize=350%2C200 1x, https:\/\/i0.wp.com\/www.lozt.fr\/wp-content\/uploads\/2019\/01\/l-empreinte-du-premier-pas-sur-la-lune-image-257604-article-ajust_930.jpg?fit=930%2C947&ssl=1&resize=525%2C300 1.5x, https:\/\/i0.wp.com\/www.lozt.fr\/wp-content\/uploads\/2019\/01\/l-empreinte-du-premier-pas-sur-la-lune-image-257604-article-ajust_930.jpg?fit=930%2C947&ssl=1&resize=700%2C400 2x"},"classes":[]},{"id":460,"url":"https:\/\/www.lozt.fr\/index.php\/2017\/07\/12\/jhf\/","url_meta":{"origin":393,"position":1},"title":"Figures (6)","author":"Fran\u00e7ois Lozet","date":"12 juillet 2017","format":false,"excerpt":"La question pour lui restera celle-l\u00e0, derri\u00e8re toute l\u2019\u00e9tranget\u00e9, la beaut\u00e9 et parfois l\u2019horreur des univers d\u00e9couverts : les hym\u00e8nopt\u00e8res, sphex, bembex ou autres dipt\u00e8res, bolboc\u00e8nes, agarics, bousiers onthophages ont-ils une m\u00e9moire, des facult\u00e9s d\u2019apprentissage, une intelligence ? Sont-ils autre chose que des machines vivantes, mues par l\u2019instinct ? Derri\u00e8re\u2026","rel":"","context":"Dans &quot;Figures&quot;","block_context":{"text":"Figures","link":"https:\/\/www.lozt.fr\/index.php\/category\/voyages-ordinaires-extraits\/figures\/"},"img":{"alt_text":"","src":"https:\/\/i0.wp.com\/www.lozt.fr\/wp-content\/uploads\/2017\/07\/2017-04-23-13.43.04.jpg?fit=1200%2C900&ssl=1&resize=350%2C200","width":350,"height":200,"srcset":"https:\/\/i0.wp.com\/www.lozt.fr\/wp-content\/uploads\/2017\/07\/2017-04-23-13.43.04.jpg?fit=1200%2C900&ssl=1&resize=350%2C200 1x, https:\/\/i0.wp.com\/www.lozt.fr\/wp-content\/uploads\/2017\/07\/2017-04-23-13.43.04.jpg?fit=1200%2C900&ssl=1&resize=525%2C300 1.5x, https:\/\/i0.wp.com\/www.lozt.fr\/wp-content\/uploads\/2017\/07\/2017-04-23-13.43.04.jpg?fit=1200%2C900&ssl=1&resize=700%2C400 2x, https:\/\/i0.wp.com\/www.lozt.fr\/wp-content\/uploads\/2017\/07\/2017-04-23-13.43.04.jpg?fit=1200%2C900&ssl=1&resize=1050%2C600 3x"},"classes":[]},{"id":858,"url":"https:\/\/www.lozt.fr\/index.php\/2019\/02\/07\/notes-pour-un-traite-contre-la-rime-dans-la-chanson-reedition\/","url_meta":{"origin":393,"position":2},"title":"Notes pour un trait\u00e9 contre la rime dans la chanson (r\u00e9\u00e9dition)","author":"Fran\u00e7ois Lozet","date":"7 f\u00e9vrier 2019","format":false,"excerpt":"Pourquoi les chansons riment-elles toujours ?","rel":"","context":"Dans &quot;M\u00e9diation culturelle&quot;","block_context":{"text":"M\u00e9diation culturelle","link":"https:\/\/www.lozt.fr\/index.php\/category\/mediation-culturelle\/"},"img":{"alt_text":"","src":"https:\/\/i0.wp.com\/www.lozt.fr\/wp-content\/uploads\/2019\/02\/1975235_437942786413526_8146894752041150008_n.jpg?fit=450%2C636&ssl=1&resize=350%2C200","width":350,"height":200},"classes":[]},{"id":286,"url":"https:\/\/www.lozt.fr\/index.php\/2016\/11\/17\/les-siecles-de-montaigne\/","url_meta":{"origin":393,"position":3},"title":"Les si\u00e8cles de Montaigne","author":"Fran\u00e7ois Lozet","date":"17 novembre 2016","format":false,"excerpt":"Quand Stefan Zweig\u00a0\u00e9crit\u00a0sur Montaigne, il note : \"Il fallut donc, pour que nous comprenions l'art de vivre de Montaigne, la sagesse de vivre de Montaigne, pour que nous apercevions, dans la n\u00e9cessit\u00e9 du combat qu'il mena pour \u00eatre \"soi-m\u00eame\", le d\u00e9bat le plus n\u00e9cessaire de notre monde spirituel, que survienne\u2026","rel":"","context":"Dans &quot;Actualit\u00e9s&quot;","block_context":{"text":"Actualit\u00e9s","link":"https:\/\/www.lozt.fr\/index.php\/category\/actualites\/"},"img":{"alt_text":"false-prophets","src":"https:\/\/i0.wp.com\/www.lozt.fr\/wp-content\/uploads\/2016\/11\/15032072_10154776620220337_1558378750246209867_n.jpg?resize=350%2C200","width":350,"height":200},"classes":[]},{"id":755,"url":"https:\/\/www.lozt.fr\/index.php\/2018\/06\/05\/linstant-partage-1\/","url_meta":{"origin":393,"position":4},"title":"L&rsquo;instant partag\u00e9 (1)","author":"Fran\u00e7ois Lozet","date":"5 juin 2018","format":false,"excerpt":"(conf\u00e9rence prononc\u00e9e le 30 mai 2018 \u00e0 l'initiative du Th\u00e9\u00e2tre National Bordeaux Aquitaine et de l'Iddac (agence culturelle GIRONDE-nouvelle Aquitaine) au centre culturel de canejean) Introduction En fait, le v\u00e9ritable probl\u00e8me, c\u2019est celui de l\u2019instant. L\u2019instant o\u00f9 l\u2019on \u00e9prouve, ou l\u2019instant o\u00f9 l\u2019on n\u2019\u00e9prouve pas. C\u2019est un grand myst\u00e8re, que\u2026","rel":"","context":"Dans &quot;L'instant partag\u00e9&quot;","block_context":{"text":"L'instant partag\u00e9","link":"https:\/\/www.lozt.fr\/index.php\/category\/linstant-partage\/"},"img":{"alt_text":"Foule, aux Offices","src":"https:\/\/i0.wp.com\/www.lozt.fr\/wp-content\/uploads\/2018\/06\/2016-08-17-14.27.55-e1528102554195.jpg?fit=1200%2C900&ssl=1&resize=350%2C200","width":350,"height":200,"srcset":"https:\/\/i0.wp.com\/www.lozt.fr\/wp-content\/uploads\/2018\/06\/2016-08-17-14.27.55-e1528102554195.jpg?fit=1200%2C900&ssl=1&resize=350%2C200 1x, https:\/\/i0.wp.com\/www.lozt.fr\/wp-content\/uploads\/2018\/06\/2016-08-17-14.27.55-e1528102554195.jpg?fit=1200%2C900&ssl=1&resize=525%2C300 1.5x, https:\/\/i0.wp.com\/www.lozt.fr\/wp-content\/uploads\/2018\/06\/2016-08-17-14.27.55-e1528102554195.jpg?fit=1200%2C900&ssl=1&resize=700%2C400 2x, https:\/\/i0.wp.com\/www.lozt.fr\/wp-content\/uploads\/2018\/06\/2016-08-17-14.27.55-e1528102554195.jpg?fit=1200%2C900&ssl=1&resize=1050%2C600 3x"},"classes":[]},{"id":1764,"url":"https:\/\/www.lozt.fr\/index.php\/2025\/11\/11\/lelephant-au-milieu-de-la-piece\/","url_meta":{"origin":393,"position":5},"title":"L&rsquo;\u00e9l\u00e9phant au milieu de la pi\u00e8ce","author":"Fran\u00e7ois Lozet","date":"11 novembre 2025","format":false,"excerpt":"On peut se saisir d\u2019une \u00e9poque en analysant ses crises, ses conflits et ses rapports de force d\u2019\u00e9vidence\u00a0: l\u00e0 o\u00f9 se jouent les bascules historiques, les instants de passage d\u2019une \u00e8re \u00e0 une autre. On peut aussi tenter de comprendre notre temps par des d\u00e9tails, de ces petits riens qui\u2026","rel":"","context":"Dans &quot;Actualit\u00e9s&quot;","block_context":{"text":"Actualit\u00e9s","link":"https:\/\/www.lozt.fr\/index.php\/category\/actualites\/"},"img":{"alt_text":"Daitoku-ji, Kyoto","src":"https:\/\/i0.wp.com\/www.lozt.fr\/wp-content\/uploads\/2025\/11\/IMG_2872-scaled.jpeg?fit=1200%2C675&ssl=1&resize=350%2C200","width":350,"height":200,"srcset":"https:\/\/i0.wp.com\/www.lozt.fr\/wp-content\/uploads\/2025\/11\/IMG_2872-scaled.jpeg?fit=1200%2C675&ssl=1&resize=350%2C200 1x, https:\/\/i0.wp.com\/www.lozt.fr\/wp-content\/uploads\/2025\/11\/IMG_2872-scaled.jpeg?fit=1200%2C675&ssl=1&resize=525%2C300 1.5x, https:\/\/i0.wp.com\/www.lozt.fr\/wp-content\/uploads\/2025\/11\/IMG_2872-scaled.jpeg?fit=1200%2C675&ssl=1&resize=700%2C400 2x, https:\/\/i0.wp.com\/www.lozt.fr\/wp-content\/uploads\/2025\/11\/IMG_2872-scaled.jpeg?fit=1200%2C675&ssl=1&resize=1050%2C600 3x"},"classes":[]}],"_links":{"self":[{"href":"https:\/\/www.lozt.fr\/index.php\/wp-json\/wp\/v2\/posts\/393","targetHints":{"allow":["GET"]}}],"collection":[{"href":"https:\/\/www.lozt.fr\/index.php\/wp-json\/wp\/v2\/posts"}],"about":[{"href":"https:\/\/www.lozt.fr\/index.php\/wp-json\/wp\/v2\/types\/post"}],"author":[{"embeddable":true,"href":"https:\/\/www.lozt.fr\/index.php\/wp-json\/wp\/v2\/users\/1"}],"replies":[{"embeddable":true,"href":"https:\/\/www.lozt.fr\/index.php\/wp-json\/wp\/v2\/comments?post=393"}],"version-history":[{"count":7,"href":"https:\/\/www.lozt.fr\/index.php\/wp-json\/wp\/v2\/posts\/393\/revisions"}],"predecessor-version":[{"id":683,"href":"https:\/\/www.lozt.fr\/index.php\/wp-json\/wp\/v2\/posts\/393\/revisions\/683"}],"wp:attachment":[{"href":"https:\/\/www.lozt.fr\/index.php\/wp-json\/wp\/v2\/media?parent=393"}],"wp:term":[{"taxonomy":"category","embeddable":true,"href":"https:\/\/www.lozt.fr\/index.php\/wp-json\/wp\/v2\/categories?post=393"},{"taxonomy":"post_tag","embeddable":true,"href":"https:\/\/www.lozt.fr\/index.php\/wp-json\/wp\/v2\/tags?post=393"}],"curies":[{"name":"wp","href":"https:\/\/api.w.org\/{rel}","templated":true}]}}