{"id":76,"date":"2016-07-12T11:13:39","date_gmt":"2016-07-12T09:13:39","guid":{"rendered":"http:\/\/lozt.free.fr\/miroir\/?p=76"},"modified":"2018-02-16T16:32:47","modified_gmt":"2018-02-16T14:32:47","slug":"les-spectateurs-du-classique","status":"publish","type":"post","link":"https:\/\/www.lozt.fr\/index.php\/2016\/07\/12\/les-spectateurs-du-classique\/","title":{"rendered":"Les spectateurs du classique"},"content":{"rendered":"<p><img data-recalc-dims=\"1\" loading=\"lazy\" decoding=\"async\" data-attachment-id=\"180\" data-permalink=\"https:\/\/www.lozt.fr\/index.php\/2016\/07\/12\/les-spectateurs-du-classique\/grandville_tiere_1853-1\/\" data-orig-file=\"https:\/\/i0.wp.com\/www.lozt.fr\/wp-content\/uploads\/2016\/07\/Grandville_Tiere_1853-1.jpg?fit=1020%2C740&amp;ssl=1\" data-orig-size=\"1020,740\" data-comments-opened=\"1\" data-image-meta=\"{&quot;aperture&quot;:&quot;0&quot;,&quot;credit&quot;:&quot;&quot;,&quot;camera&quot;:&quot;&quot;,&quot;caption&quot;:&quot;&quot;,&quot;created_timestamp&quot;:&quot;0&quot;,&quot;copyright&quot;:&quot;&quot;,&quot;focal_length&quot;:&quot;0&quot;,&quot;iso&quot;:&quot;0&quot;,&quot;shutter_speed&quot;:&quot;0&quot;,&quot;title&quot;:&quot;&quot;,&quot;orientation&quot;:&quot;0&quot;}\" data-image-title=\"Grandville_Tiere_1853-1\" data-image-description=\"\" data-image-caption=\"\" data-large-file=\"https:\/\/i0.wp.com\/www.lozt.fr\/wp-content\/uploads\/2016\/07\/Grandville_Tiere_1853-1.jpg?fit=1020%2C740&amp;ssl=1\" class=\"aligncenter size-full wp-image-180\" src=\"https:\/\/i0.wp.com\/www.lozt.fr\/wp-content\/uploads\/2016\/07\/Grandville_Tiere_1853-1.jpg?resize=1020%2C740&#038;ssl=1\" alt=\"Grandville_Tiere_1853-1\" width=\"1020\" height=\"740\" srcset=\"https:\/\/i0.wp.com\/www.lozt.fr\/wp-content\/uploads\/2016\/07\/Grandville_Tiere_1853-1.jpg?w=1020&amp;ssl=1 1020w, https:\/\/i0.wp.com\/www.lozt.fr\/wp-content\/uploads\/2016\/07\/Grandville_Tiere_1853-1.jpg?resize=300%2C218&amp;ssl=1 300w, https:\/\/i0.wp.com\/www.lozt.fr\/wp-content\/uploads\/2016\/07\/Grandville_Tiere_1853-1.jpg?resize=768%2C557&amp;ssl=1 768w\" sizes=\"auto, (max-width: 1020px) 100vw, 1020px\" \/>En premier lieu, il y eut ce rapport du sociologue <a href=\"http:\/\/www.stephanedorin.fr\" target=\"_blank\">St\u00e9phane Dorin<\/a>\u00a0l&rsquo;ann\u00e9e derni\u00e8re : il faisait ressortir que l&rsquo;\u00e2ge moyen des spectateurs de musique classique \u00e9tait pass\u00e9 de 36 ans en 1981, \u00e0 61 ans en 2015. D&rsquo;autres \u00e9tudes font \u00e9tat d&rsquo;un \u00e9cart moins grand, mais la tendance reste la m\u00eame : tr\u00e8s peu de renouv\u00e8lement des publics, et vieillissement. Il y a eu, bien s\u00fbr, depuis trente ans, un bouleversement des modes de \u00ab\u00a0consommation\u00a0\u00bb de la musique, dont\u00a0le num\u00e9rique est la cause. J&rsquo;en ai d\u00e9j\u00e0 parl\u00e9 <a href=\"http:\/\/lozt.free.fr\/miroir\/?p=21\">ici<\/a>. Mais en ce qui concerne ce type de\u00a0spectacle vivant, le constat est accablant. On pourrait bien s\u00fbr revenir \u00e0 Adorno &#8211; notamment \u00e0 ce superbe article \u00e9crit avec Horkheimer \u00ab\u00a0La production industrielle des biens culturels\u00a0\u00bb &#8211; pour d\u00e9celer les premiers \u00e9l\u00e9ments d&rsquo;explication de cette crise dont souffre aujourd&rsquo;hui les musiques dites \u00ab\u00a0savantes\u00a0\u00bb : l&rsquo;oeuvre m\u00e9diocre s&rsquo;est toujours tenue \u00e0 sa similitude avec d&rsquo;autres, \u00e0 un succ\u00e9dan\u00e9 d&rsquo;identit\u00e9 &#8211; et dans l&rsquo;industrie culturelle cette imitation devient finalement un absolu, de fa\u00e7on \u00e0 pouvoir \u00eatre un produit distinctif \u00e0 vendre \u00e0 des publics cibl\u00e9s. Il est donc de plus en plus difficile de faire entendre des ouvrages ambitieux, \u00e9chappant au processus mim\u00e9tique g\u00e9n\u00e9ral permettant de tout caract\u00e9riser. Et dans ce cadre encore, s&rsquo;agissant de la musique de patrimoine, Mozart, c&rsquo;est avant tout quelque chose qui ressemble \u00e0 du Mozart. Posons donc que la cible d&rsquo;un concert de Mozart n&rsquo;a pas voulu se renouveler, posons l&rsquo;hypoth\u00e8se d&rsquo;un pr\u00e9 carr\u00e9, d&rsquo;un entre-soi. Mais enfin, \u00e7a ne suffit pas. Et puis, le texte d&rsquo;Adorno date du milieu des ann\u00e9es quarante et ne peut pas embrasser \u00e0 lui seul l&rsquo;ensemble complexe (sociologique, \u00e9conomique, technologique &#8211; imaginaire et populaire) des explications \u00e0 une telle d\u00e9saffection.<\/p>\n<p>On pourrait \u00e9galement revenir \u00e0 Hannah Arendt et aux deux crises dans la culture dont elle d\u00e9crivait avec tant de justesse les sympt\u00f4mes au d\u00e9but des ann\u00e9es soixante\u00a0(dont nous souffrons encore, m\u00e9tamorphos\u00e9es\u00a0par le web) \u00a0: il y a la crise europ\u00e9enne, des nouveaux riches, des sans-mani\u00e8res, philistine, d&rsquo;un mode de consommation culturelle comme signe de distinction de classe (on va au th\u00e9\u00e2tre, au concert, ou au mus\u00e9e pour afficher\u00a0la classe dominante dont on cherche \u00e0 d\u00e9pendre) &#8211; et, poursuivant d&rsquo;une autre fa\u00e7on la charge d&rsquo;Adorno, il y a la crise anglo-saxonne, am\u00e9ricaine, qui fait du bien culturel un produit, une marchandise soumise aux m\u00eames lois de renouv\u00e8lement que les autres produits : il faut toujours du nouveau \u00e0 produire et \u00e0 \u00e9couler. Apr\u00e8s Hamlet, il faut Hamlet 2, le retour &#8211; ou la vengeance d&rsquo;Oph\u00e9lie. Ce qui revient \u00e0 oublier le patrimoine mystique, la charge sacr\u00e9e, m\u00e9taphysique et interrogative de l&rsquo;oeuvre d&rsquo;art : la parole de Shakespeare ne vaut pas celle d&rsquo;un autre, et ne peut se renouveler qu&rsquo;en la faisant r\u00e9-\u00e9couter \u00e0 nouveau. La musique de Bach n&rsquo;est pas de celles que l&rsquo;on peut oublier sans oublier une part de soi-m\u00eame : la culture, c&rsquo;est un peu la prise en charge de la voix des morts. On ne peut vivre en soci\u00e9t\u00e9 sans elle.<\/p>\n<p>Avec l&rsquo;acc\u00e9l\u00e9ration de l&rsquo;\u00e8re num\u00e9rique, cette prise en charge et cette m\u00e9moire se transforment, comme se transforment aussi les signes distinctifs des go\u00fbts de classe, les moyens de production et de diffusion des formes artistiques. Ces formes peuvent se concurrencer, pr\u00e9tendre \u00e0 une plus ou moins grande l\u00e9gitimit\u00e9 \u00ab\u00a0culturelle\u00a0\u00bb &#8211; comme cette pol\u00e9mique inutile, tr\u00e8s charg\u00e9e de conflit ou de m\u00e9pris de classe entre les musiques dites savantes (classiques et contemporaines, que le\u00a0jazz a tr\u00e8s vite voulu rejoindre) et les musiques populaires (v\u00e9cues par les tenants des premi\u00e8res comme purs produits de l&rsquo;industrie culturelle et du divertissement cr\u00e9atif) : ces deux familles souffrent \u00e9galement du totalitarisme marchand qui s&rsquo;est mis en place sans \u00e9gal depuis trente ans, en un mercantilisme qui ne jauge la valeur d&rsquo;une oeuvre qu&rsquo;\u00e0 sa force de vente, quitte \u00e0 \u00eatre tr\u00e8s vite oubli\u00e9e.<\/p>\n<p>Or, et les sociologues le savent, ce n&rsquo;est pas parce que nos soci\u00e9t\u00e9s se sont la\u00efcis\u00e9es avec bonheur qu&rsquo;elles se sont pour autant d\u00e9sacralis\u00e9es : et si l&rsquo;on peut t\u00e9moigner d&rsquo;une pr\u00e9sence par ses effets, pour le sacr\u00e9 gardons celui-l\u00e0 : l&rsquo;<em>aidos <\/em>(ce terme grec d\u00e9signant cette timidit\u00e9 respectueuse, ce juste \u00e9cart entre la chose sacr\u00e9e et le fid\u00e8le, ou entre le domin\u00e9 et le dominant) nous saisit encore chaque jour, que cela soit devant la vedette\u00a0ou le tableau de ma\u00eetre reconnu :\u00a0on salue, malgr\u00e9 nous parfois, \u00e0 chacune de leur rencontre, l&rsquo;aura, en fait, la <em>raret\u00e9 d&rsquo;une\u00a0pr\u00e9sence<\/em>.<\/p>\n<p>Aussi, la sacralit\u00e9 du geste unique de l&rsquo;artiste nous oblige \u00e0 nous reposer la question de l&rsquo;unique &#8211; de l&rsquo;originalit\u00e9 pourrait-on dire aussi : et si l&rsquo;on parle d&rsquo;humanit\u00e9s num\u00e9riques, il nous faudra renouer num\u00e9riquement avec ce qui a fond\u00e9 le processus d&rsquo;individuation &#8211; Nietzsche d\u00e9signe d&rsquo;ailleurs Hom\u00e8re comme \u00e9tant \u00e0 son origine. Nous sommes d\u00e8s lors num\u00e9riquement tenus de red\u00e9couvrir le tragique de la vie individuelle, celle du h\u00e9ros des chants. Tenus d&rsquo;\u00eatre \u00e0 la hauteur de la m\u00e9lancolie d&rsquo;Ulysse, se demandant s&rsquo;il est encore quelqu&rsquo;un. Rien \u00e0 voir avec l&rsquo;inanit\u00e9\u00a0esth\u00e9tique d&rsquo;aujourd&rsquo;hui et les discours de communicants o\u00f9 les mots mim\u00e9s, repris, r\u00e9v\u00e8lent leur vide incantatoire \u00e0 d\u00e9faut d&rsquo;avoir du sens.<\/p>\n<p>En fait, cette crise de fr\u00e9quentation du spectacle vivant traditionnel ne renouvelant pas\u00a0(ou insuffisamment) ses spectateurs indique surtout que d&rsquo;autres formes d&rsquo;acc\u00e8s \u00e0 la culture ont pris le pas, et marqu\u00e9 les nouvelles g\u00e9n\u00e9rations. De nouvelles formes d&rsquo;interactions, et d&rsquo;immersivit\u00e9 &#8211; puisqu&rsquo;une salle de spectacle, c&rsquo;est aussi cela, aller s&rsquo;immerger dans le noir pour r\u00eaver ou \u00e9couter en compagnie &#8211; vont devoir ou pouvoir, avec les nouveaux m\u00e9dias, \u00eatre investies pour organiser la rencontre avec un nouveau public.<\/p>\n<p>L&rsquo;exp\u00e9rience de m\u00e9diation culturelle transm\u00e9dia qui se met en place au Th\u00e9\u00e2tre des Champs-Elys\u00e9es \u00e0 partir d&rsquo;octobre prochain, et qui doit nous mener jusqu&rsquo;\u00e0 la cr\u00e9ation de l&rsquo;op\u00e9ra de Monteverdi \u00ab\u00a0Le retour d&rsquo;Ulysse dans sa patrie\u00a0\u00bb en f\u00e9vrier 2017 devrait pouvoir r\u00e9pondre \u00e0 quelques unes de ces hypoth\u00e8ses : le num\u00e9rique, si l&rsquo;on s&rsquo;en saisit pour raconter des histoires, \u00ab\u00a0en story-telling du\u00a0fait culturel\u00a0\u00bb, permet de toucher d&rsquo;autres publics que le public habituel de l&rsquo;op\u00e9ra baroque.\u00a0De fait, il\u00a0s\u2019agira de d\u00e9montrer que ce n&rsquo;est pas parce que les t\u00e9l\u00e9phones portables et les m\u00e9dias connect\u00e9s apparaissent que Monteverdi et Shakespeare dispara\u00eetront : c&rsquo;est justement parce que ces nouvelles technologies apparaissent qu&rsquo;ils pourront continuer \u00e0 faire reconna\u00eetre ce qu&rsquo;ils portent en eux de contemporain &#8211; d&rsquo;intemporel aurait dit Malraux &#8211; acceptant au c\u0153ur du sacr\u00e9 de l&rsquo;\u0153uvre d&rsquo;art le processus de m\u00e9tamorphose n\u00e9cessaire pour faire dialoguer et correspondre les sensations d&rsquo;un homme du XVIIe si\u00e8cle avec les figures d&rsquo;aujourd&rsquo;hui. Mani\u00e8re de lier la modernit\u00e9 du m\u00e9dia connect\u00e9 \u00e0 la m\u00e9moire commune, et, en cette \u00e9poque o\u00f9 l\u2019injonction du pr\u00e9sent semble n\u2019avoir jamais \u00e9t\u00e9 aussi forte, rien ne semble plus n\u00e9cessaire que cela.<\/p>\n","protected":false},"excerpt":{"rendered":"<p>En premier lieu, il y eut ce rapport du sociologue St\u00e9phane Dorin\u00a0l&rsquo;ann\u00e9e derni\u00e8re : il faisait ressortir que l&rsquo;\u00e2ge moyen des spectateurs de musique classique \u00e9tait pass\u00e9 de 36 ans en 1981, \u00e0 61 ans en 2015. D&rsquo;autres \u00e9tudes font \u00e9tat d&rsquo;un \u00e9cart moins grand, mais la tendance reste la m\u00eame : tr\u00e8s peu de [&hellip;]<\/p>\n","protected":false},"author":2,"featured_media":0,"comment_status":"closed","ping_status":"open","sticky":false,"template":"","format":"standard","meta":{"jetpack_post_was_ever_published":false,"_jetpack_newsletter_access":"","_jetpack_dont_email_post_to_subs":false,"_jetpack_newsletter_tier_id":0,"_jetpack_memberships_contains_paywalled_content":false,"_jetpack_memberships_contains_paid_content":false,"footnotes":""},"categories":[2,3,5],"tags":[],"class_list":["post-76","post","type-post","status-publish","format-standard","hentry","category-actualites","category-mediation-culturelle","category-musique","has-post-thumbnail","fallback-thumbnail"],"jetpack_featured_media_url":"","jetpack_sharing_enabled":true,"jetpack_shortlink":"https:\/\/wp.me\/p7KBXa-1e","jetpack-related-posts":[{"id":755,"url":"https:\/\/www.lozt.fr\/index.php\/2018\/06\/05\/linstant-partage-1\/","url_meta":{"origin":76,"position":0},"title":"L&rsquo;instant partag\u00e9 (1)","author":"Fran\u00e7ois Lozet","date":"5 juin 2018","format":false,"excerpt":"(conf\u00e9rence prononc\u00e9e le 30 mai 2018 \u00e0 l'initiative du Th\u00e9\u00e2tre National Bordeaux Aquitaine et de l'Iddac (agence culturelle GIRONDE-nouvelle Aquitaine) au centre culturel de canejean) Introduction En fait, le v\u00e9ritable probl\u00e8me, c\u2019est celui de l\u2019instant. L\u2019instant o\u00f9 l\u2019on \u00e9prouve, ou l\u2019instant o\u00f9 l\u2019on n\u2019\u00e9prouve pas. C\u2019est un grand myst\u00e8re, que\u2026","rel":"","context":"Dans &quot;L'instant partag\u00e9&quot;","block_context":{"text":"L'instant partag\u00e9","link":"https:\/\/www.lozt.fr\/index.php\/category\/linstant-partage\/"},"img":{"alt_text":"Foule, aux Offices","src":"https:\/\/i0.wp.com\/www.lozt.fr\/wp-content\/uploads\/2018\/06\/2016-08-17-14.27.55-e1528102554195.jpg?fit=1200%2C900&ssl=1&resize=350%2C200","width":350,"height":200,"srcset":"https:\/\/i0.wp.com\/www.lozt.fr\/wp-content\/uploads\/2018\/06\/2016-08-17-14.27.55-e1528102554195.jpg?fit=1200%2C900&ssl=1&resize=350%2C200 1x, https:\/\/i0.wp.com\/www.lozt.fr\/wp-content\/uploads\/2018\/06\/2016-08-17-14.27.55-e1528102554195.jpg?fit=1200%2C900&ssl=1&resize=525%2C300 1.5x, https:\/\/i0.wp.com\/www.lozt.fr\/wp-content\/uploads\/2018\/06\/2016-08-17-14.27.55-e1528102554195.jpg?fit=1200%2C900&ssl=1&resize=700%2C400 2x, https:\/\/i0.wp.com\/www.lozt.fr\/wp-content\/uploads\/2018\/06\/2016-08-17-14.27.55-e1528102554195.jpg?fit=1200%2C900&ssl=1&resize=1050%2C600 3x"},"classes":[]},{"id":21,"url":"https:\/\/www.lozt.fr\/index.php\/2016\/02\/07\/musique-et-nouvelles-technologies\/","url_meta":{"origin":76,"position":1},"title":"Musique et nouvelles technologies (propos d&rsquo;ouverture du 5\/02\/16)","author":"Fran\u00e7ois Lozet","date":"7 f\u00e9vrier 2016","format":"aside","excerpt":"Tout d'abord, en ce qui concerne les nouvelles technologies, posons\u00a0qu\u2019il faut toujours savoir les inscrire\u00a0dans le temps long \u2013 sous peine de prendre le dernier site ou la derni\u00e8re application venue pour un \u00e9v\u00e9nement lorsqu'ils peuvent n'\u00eatre qu'un effet de mode et d'usages \u00e0 obsolescence programm\u00e9e... De fait, ce qu'on\u2026","rel":"","context":"Dans &quot;M\u00e9diation culturelle&quot;","block_context":{"text":"M\u00e9diation culturelle","link":"https:\/\/www.lozt.fr\/index.php\/category\/mediation-culturelle\/"},"img":{"alt_text":"","src":"https:\/\/i0.wp.com\/www.lozt.fr\/wp-content\/uploads\/2016\/02\/llqp.jpg?fit=851%2C315&ssl=1&resize=350%2C200","width":350,"height":200,"srcset":"https:\/\/i0.wp.com\/www.lozt.fr\/wp-content\/uploads\/2016\/02\/llqp.jpg?fit=851%2C315&ssl=1&resize=350%2C200 1x, https:\/\/i0.wp.com\/www.lozt.fr\/wp-content\/uploads\/2016\/02\/llqp.jpg?fit=851%2C315&ssl=1&resize=525%2C300 1.5x, https:\/\/i0.wp.com\/www.lozt.fr\/wp-content\/uploads\/2016\/02\/llqp.jpg?fit=851%2C315&ssl=1&resize=700%2C400 2x"},"classes":[]},{"id":250,"url":"https:\/\/www.lozt.fr\/index.php\/2016\/10\/07\/lodyssee-de-penelope-notes-preparatoires\/","url_meta":{"origin":76,"position":2},"title":"L&rsquo;Odyss\u00e9e de P\u00e9n\u00e9lope (Notes pr\u00e9paratoires)","author":"Fran\u00e7ois Lozet","date":"7 octobre 2016","format":"aside","excerpt":"Une m\u00e9diation culturelle transm\u00e9dia au Th\u00e9\u00e2tre des Champs Elys\u00e9es On peut le prendre par le biais des musiques actuelles, comme \u00e9voqu\u00e9 ici, ou par celui des musiques savantes, comme j'en parlais d\u00e9j\u00e0 l\u00e0 : si la musique est venue en premi\u00e8re ligne des \u00e9volutions digitales de ces derni\u00e8res ann\u00e9es, il\u2026","rel":"","context":"Dans &quot;M\u00e9diation culturelle&quot;","block_context":{"text":"M\u00e9diation culturelle","link":"https:\/\/www.lozt.fr\/index.php\/category\/mediation-culturelle\/"},"img":{"alt_text":"","src":"https:\/\/i0.wp.com\/www.lozt.fr\/wp-content\/uploads\/2016\/10\/Pe%CC%81ne%CC%81lope_by_Bourdelle_Muse%CC%81e_Bourdelle_2.jpg?fit=1200%2C675&ssl=1&resize=350%2C200","width":350,"height":200,"srcset":"https:\/\/i0.wp.com\/www.lozt.fr\/wp-content\/uploads\/2016\/10\/Pe%CC%81ne%CC%81lope_by_Bourdelle_Muse%CC%81e_Bourdelle_2.jpg?fit=1200%2C675&ssl=1&resize=350%2C200 1x, https:\/\/i0.wp.com\/www.lozt.fr\/wp-content\/uploads\/2016\/10\/Pe%CC%81ne%CC%81lope_by_Bourdelle_Muse%CC%81e_Bourdelle_2.jpg?fit=1200%2C675&ssl=1&resize=525%2C300 1.5x, https:\/\/i0.wp.com\/www.lozt.fr\/wp-content\/uploads\/2016\/10\/Pe%CC%81ne%CC%81lope_by_Bourdelle_Muse%CC%81e_Bourdelle_2.jpg?fit=1200%2C675&ssl=1&resize=700%2C400 2x, https:\/\/i0.wp.com\/www.lozt.fr\/wp-content\/uploads\/2016\/10\/Pe%CC%81ne%CC%81lope_by_Bourdelle_Muse%CC%81e_Bourdelle_2.jpg?fit=1200%2C675&ssl=1&resize=1050%2C600 3x"},"classes":[]},{"id":509,"url":"https:\/\/www.lozt.fr\/index.php\/2017\/02\/17\/reflexions-inactuelles\/","url_meta":{"origin":76,"position":3},"title":"R\u00e9flexions inactuelles","author":"Fran\u00e7ois Lozet","date":"17 f\u00e9vrier 2017","format":false,"excerpt":"Bien s\u00fbr que la musique, la peinture, la litt\u00e9rature etc. et leurs sid\u00e9rations brouillent les rapports du temps oisif et du travail, bien entendu que l\u2019Art trouble l\u2019originalit\u00e9 des rapports amoureux, qu\u2019il opacifie comme une c\u00e9ramique la terre de notre terreur de mourir. L'art en ce sens, c'est une religiosit\u00e9\u2026","rel":"","context":"Dans &quot;Actualit\u00e9s&quot;","block_context":{"text":"Actualit\u00e9s","link":"https:\/\/www.lozt.fr\/index.php\/category\/actualites\/"},"img":{"alt_text":"Japanese grass art","src":"https:\/\/i0.wp.com\/www.lozt.fr\/wp-content\/uploads\/2017\/10\/2016-08-29-09.49.41.jpg?fit=752%2C1024&ssl=1&resize=350%2C200","width":350,"height":200,"srcset":"https:\/\/i0.wp.com\/www.lozt.fr\/wp-content\/uploads\/2017\/10\/2016-08-29-09.49.41.jpg?fit=752%2C1024&ssl=1&resize=350%2C200 1x, https:\/\/i0.wp.com\/www.lozt.fr\/wp-content\/uploads\/2017\/10\/2016-08-29-09.49.41.jpg?fit=752%2C1024&ssl=1&resize=525%2C300 1.5x, https:\/\/i0.wp.com\/www.lozt.fr\/wp-content\/uploads\/2017\/10\/2016-08-29-09.49.41.jpg?fit=752%2C1024&ssl=1&resize=700%2C400 2x"},"classes":[]},{"id":858,"url":"https:\/\/www.lozt.fr\/index.php\/2019\/02\/07\/notes-pour-un-traite-contre-la-rime-dans-la-chanson-reedition\/","url_meta":{"origin":76,"position":4},"title":"Notes pour un trait\u00e9 contre la rime dans la chanson (r\u00e9\u00e9dition)","author":"Fran\u00e7ois Lozet","date":"7 f\u00e9vrier 2019","format":false,"excerpt":"Pourquoi les chansons riment-elles toujours ?","rel":"","context":"Dans &quot;M\u00e9diation culturelle&quot;","block_context":{"text":"M\u00e9diation culturelle","link":"https:\/\/www.lozt.fr\/index.php\/category\/mediation-culturelle\/"},"img":{"alt_text":"","src":"https:\/\/i0.wp.com\/www.lozt.fr\/wp-content\/uploads\/2019\/02\/1975235_437942786413526_8146894752041150008_n.jpg?fit=450%2C636&ssl=1&resize=350%2C200","width":350,"height":200},"classes":[]},{"id":565,"url":"https:\/\/www.lozt.fr\/index.php\/2018\/01\/24\/seneque-de-la-vie-breve-texte-et-musique\/","url_meta":{"origin":76,"position":5},"title":"S\u00e9n\u00e8que : \u00ab\u00a0De la vie br\u00e8ve\u00a0\u00bb, texte et musique","author":"Fran\u00e7ois Lozet","date":"24 janvier 2018","format":false,"excerpt":"A partir du vendredi 5 avril 2019 Spotify, Deezer, Itunes, Amazon music que sais-je encore vont donc pouvoir proposer une lecture de S\u00e9n\u00e8que mise en musique, et faire entendre les id\u00e9es du sto\u00efcien romain aux g\u00e9n\u00e9rations Y ou Z des m\u00e9dias sociaux et de la transformation num\u00e9rique. L\u2019outil du pr\u00e9sent\u2026","rel":"","context":"Dans &quot;M\u00e9diation culturelle&quot;","block_context":{"text":"M\u00e9diation culturelle","link":"https:\/\/www.lozt.fr\/index.php\/category\/mediation-culturelle\/"},"img":{"alt_text":"","src":"https:\/\/i0.wp.com\/www.lozt.fr\/wp-content\/uploads\/2018\/01\/Seneca-1024x1011.jpg?resize=350%2C200&ssl=1","width":350,"height":200,"srcset":"https:\/\/i0.wp.com\/www.lozt.fr\/wp-content\/uploads\/2018\/01\/Seneca-1024x1011.jpg?resize=350%2C200&ssl=1 1x, https:\/\/i0.wp.com\/www.lozt.fr\/wp-content\/uploads\/2018\/01\/Seneca-1024x1011.jpg?resize=525%2C300&ssl=1 1.5x"},"classes":[]}],"_links":{"self":[{"href":"https:\/\/www.lozt.fr\/index.php\/wp-json\/wp\/v2\/posts\/76","targetHints":{"allow":["GET"]}}],"collection":[{"href":"https:\/\/www.lozt.fr\/index.php\/wp-json\/wp\/v2\/posts"}],"about":[{"href":"https:\/\/www.lozt.fr\/index.php\/wp-json\/wp\/v2\/types\/post"}],"author":[{"embeddable":true,"href":"https:\/\/www.lozt.fr\/index.php\/wp-json\/wp\/v2\/users\/2"}],"replies":[{"embeddable":true,"href":"https:\/\/www.lozt.fr\/index.php\/wp-json\/wp\/v2\/comments?post=76"}],"version-history":[{"count":3,"href":"https:\/\/www.lozt.fr\/index.php\/wp-json\/wp\/v2\/posts\/76\/revisions"}],"predecessor-version":[{"id":184,"href":"https:\/\/www.lozt.fr\/index.php\/wp-json\/wp\/v2\/posts\/76\/revisions\/184"}],"wp:attachment":[{"href":"https:\/\/www.lozt.fr\/index.php\/wp-json\/wp\/v2\/media?parent=76"}],"wp:term":[{"taxonomy":"category","embeddable":true,"href":"https:\/\/www.lozt.fr\/index.php\/wp-json\/wp\/v2\/categories?post=76"},{"taxonomy":"post_tag","embeddable":true,"href":"https:\/\/www.lozt.fr\/index.php\/wp-json\/wp\/v2\/tags?post=76"}],"curies":[{"name":"wp","href":"https:\/\/api.w.org\/{rel}","templated":true}]}}