{"id":927,"date":"2019-05-13T15:15:28","date_gmt":"2019-05-13T13:15:28","guid":{"rendered":"https:\/\/www.lozt.fr\/?p=927"},"modified":"2020-09-12T14:59:25","modified_gmt":"2020-09-12T12:59:25","slug":"vers-les-2e-voyages-ordinaires","status":"publish","type":"post","link":"https:\/\/www.lozt.fr\/index.php\/2019\/05\/13\/vers-les-2e-voyages-ordinaires\/","title":{"rendered":"Vers les 2e Voyages ordinaires"},"content":{"rendered":"\n<div class=\"wp-block-image\"><figure class=\"aligncenter\"><img data-recalc-dims=\"1\" loading=\"lazy\" decoding=\"async\" width=\"639\" height=\"516\" data-attachment-id=\"933\" data-permalink=\"https:\/\/www.lozt.fr\/index.php\/2019\/05\/13\/vers-les-2e-voyages-ordinaires\/delphes\/\" data-orig-file=\"https:\/\/i0.wp.com\/www.lozt.fr\/wp-content\/uploads\/2019\/05\/Delphes.jpg?fit=639%2C516&amp;ssl=1\" data-orig-size=\"639,516\" data-comments-opened=\"0\" data-image-meta=\"{&quot;aperture&quot;:&quot;0&quot;,&quot;credit&quot;:&quot;&quot;,&quot;camera&quot;:&quot;&quot;,&quot;caption&quot;:&quot;&quot;,&quot;created_timestamp&quot;:&quot;0&quot;,&quot;copyright&quot;:&quot;&quot;,&quot;focal_length&quot;:&quot;0&quot;,&quot;iso&quot;:&quot;0&quot;,&quot;shutter_speed&quot;:&quot;0&quot;,&quot;title&quot;:&quot;&quot;,&quot;orientation&quot;:&quot;1&quot;}\" data-image-title=\"Delphes\" data-image-description=\"\" data-image-caption=\"\" data-large-file=\"https:\/\/i0.wp.com\/www.lozt.fr\/wp-content\/uploads\/2019\/05\/Delphes.jpg?fit=639%2C516&amp;ssl=1\" src=\"https:\/\/i0.wp.com\/www.lozt.fr\/wp-content\/uploads\/2019\/05\/Delphes.jpg?resize=639%2C516&#038;ssl=1\" alt=\"\" class=\"wp-image-933\" srcset=\"https:\/\/i0.wp.com\/www.lozt.fr\/wp-content\/uploads\/2019\/05\/Delphes.jpg?w=639&amp;ssl=1 639w, https:\/\/i0.wp.com\/www.lozt.fr\/wp-content\/uploads\/2019\/05\/Delphes.jpg?resize=300%2C242&amp;ssl=1 300w\" sizes=\"auto, (max-width: 639px) 100vw, 639px\" \/><figcaption>Delphes<\/figcaption><\/figure><\/div>\n\n\n\n<p>J\u2019appartiens \u00e0 tr\u00e8s peu d\u2019instants, se dit-il : quant aux autres moments, sans souvenir, je n\u2019y suis pas, je n\u2019ai fait que les traverser. S\u2019il faut dresser une liste de ceux qui me restent, dans le d\u00e9sordre, et selon ceux qui me viennent \u00e0 l\u2019esprit, je peux dire appartenir \u00e0 un abord de for\u00eat d\u2019automne en limite de jardin, o\u00f9 dans l\u2019ombre fraiche perce derri\u00e8re les arbres un soleil matinal brillant sur la ros\u00e9e de quelques toiles d\u2019araign\u00e9es. Je peux dire appartenir \u00e0 ce ciel bleu, quand je me suis allong\u00e9 dans l\u2019herbe, sous des cerisiers r\u00e9sistant en carr\u00e9 aux champs de bl\u00e9s qui les assi\u00e8gent, et o\u00f9 la cerise si rouge dans la main semble une vari\u00e9t\u00e9 de bleu, une note d\u2019\u00e9t\u00e9. Etre de la famille de ce moment de d\u00e9but de nuit, face \u00e0 trois grands ch\u00eanes, quand en allumant les phares d&rsquo;une voiture on m\u2019a montr\u00e9 au-dessus de la Seine la manne qui s\u2019\u00e9levait, blanche comme de la neige, mais dont le mouvement de chute invers\u00e9e s\u2019\u00e9vanouissant dans la nuit faisait penser qu&rsquo;ici le temps se lisait \u00e0 l\u2019envers. Je suis de cet instant de mon premier voyage o\u00f9, \u00e0 travers le hublot d\u2019une petite cabine de paquebot, je r\u00e9alise devant la f\u00e9\u00e9rie \u00e9lectrique d\u2019habitations \u00e9tag\u00e9es sur des collines naviguer sur la mer du Japon, devant des villes dont je ne connais pas le nom. Et j\u2019appartiens aussi \u00e0 ce moment \u00e0 Delphes o\u00f9, dans l\u2019odeur chaude des pins, les anfractuosit\u00e9s s\u00e8ches de la montagne devant moi et les courbes noires et vertes de ses ombres et de sa v\u00e9g\u00e9tation me font penser \u00e0 une forme fractale si bien qu\u2019il me semble voir, \u00e0 ce moment, perdant tout sens d\u2019\u00e9chelle, un paysage miniature o\u00f9 ont \u00e9t\u00e9 d\u00e9pos\u00e9s en contrebas les jouets de quelques ruines sacr\u00e9es. <\/p>\n\n\n\n<p>J\u2019appartiens \u00e0 ces instants, si nombreux, o\u00f9 rien ne se passe, sinon cette sorte d\u2019\u00e9veil, d\u2019\u00e9merveillement, d\u2019une existence qui parait brusquement s\u2019\u00e9panouir, hors de toute charges, de toute m\u00e9moire, et o\u00f9 d\u00e9barrass\u00e9 du souci de soi, la jouissance d\u2019\u00eatre d\u00e9borde les limites qui d\u00e9terminaient auparavant un int\u00e9rieur, un ext\u00e9rieur &#8211; et un point de vue unique d\u2019o\u00f9 je contemplais jusqu&rsquo;alors l\u2019univers. <\/p>\n","protected":false},"excerpt":{"rendered":"<p>J\u2019appartiens \u00e0 tr\u00e8s peu d\u2019instants, se dit-il : quant aux autres moments, sans souvenir, je n\u2019y suis pas, je n\u2019ai fait que les traverser. S\u2019il faut dresser une liste de ceux qui me restent, dans le d\u00e9sordre, et selon ceux qui me viennent \u00e0 l\u2019esprit, je peux dire appartenir \u00e0 un abord de for\u00eat d\u2019automne [&hellip;]<\/p>\n","protected":false},"author":1,"featured_media":694,"comment_status":"closed","ping_status":"closed","sticky":false,"template":"","format":"standard","meta":{"jetpack_post_was_ever_published":false,"_jetpack_newsletter_access":"","_jetpack_dont_email_post_to_subs":false,"_jetpack_newsletter_tier_id":0,"_jetpack_memberships_contains_paywalled_content":false,"_jetpack_memberships_contains_paid_content":false,"footnotes":""},"categories":[8],"tags":[],"class_list":{"0":"post-927","1":"post","2":"type-post","3":"status-publish","4":"format-standard","5":"has-post-thumbnail","6":"hentry","7":"category-voyages-ordinaires-extraits","9":"fallback-thumbnail"},"jetpack_featured_media_url":"https:\/\/i0.wp.com\/www.lozt.fr\/wp-content\/uploads\/2017\/11\/13322021_487721161435688_3680232628759113684_n.jpg?fit=960%2C956&ssl=1","jetpack_sharing_enabled":true,"jetpack_shortlink":"https:\/\/wp.me\/p7KBXa-eX","jetpack-related-posts":[{"id":1715,"url":"https:\/\/www.lozt.fr\/index.php\/2024\/08\/26\/les-voyages-ordinaires-tome-3-extrait-3\/","url_meta":{"origin":927,"position":0},"title":"Les Voyages ordinaires, tome 3 (extrait 3)","author":"Fran\u00e7ois Lozet","date":"26 ao\u00fbt 2024","format":false,"excerpt":"Fin de nuit dans un train. Progressivement le paysage devient bleu derri\u00e8re la vitre. Il retrouvera ses couleurs tout \u00e0 l\u2019heure, comme un bourgeon s\u2019ouvre...","rel":"","context":"Dans &quot;Voyages ordinaires, extraits&quot;","block_context":{"text":"Voyages ordinaires, extraits","link":"https:\/\/www.lozt.fr\/index.php\/category\/voyages-ordinaires-extraits\/"},"img":{"alt_text":"Une vitre de train par la quelle on voit un paysage de bord de mer","src":"https:\/\/i0.wp.com\/www.lozt.fr\/wp-content\/uploads\/2024\/08\/DALL%C2%B7E-2024-08-26-15.55.17-A-hyperrealistic-artistic-illustration-focusing-on-a-specific-detail-from-a-train-journey-at-dawn.-The-scene-captures-the-beige-plastic-tray-in-front_.png?resize=350%2C200&ssl=1","width":350,"height":200,"srcset":"https:\/\/i0.wp.com\/www.lozt.fr\/wp-content\/uploads\/2024\/08\/DALL%C2%B7E-2024-08-26-15.55.17-A-hyperrealistic-artistic-illustration-focusing-on-a-specific-detail-from-a-train-journey-at-dawn.-The-scene-captures-the-beige-plastic-tray-in-front_.png?resize=350%2C200&ssl=1 1x, https:\/\/i0.wp.com\/www.lozt.fr\/wp-content\/uploads\/2024\/08\/DALL%C2%B7E-2024-08-26-15.55.17-A-hyperrealistic-artistic-illustration-focusing-on-a-specific-detail-from-a-train-journey-at-dawn.-The-scene-captures-the-beige-plastic-tray-in-front_.png?resize=525%2C300&ssl=1 1.5x, https:\/\/i0.wp.com\/www.lozt.fr\/wp-content\/uploads\/2024\/08\/DALL%C2%B7E-2024-08-26-15.55.17-A-hyperrealistic-artistic-illustration-focusing-on-a-specific-detail-from-a-train-journey-at-dawn.-The-scene-captures-the-beige-plastic-tray-in-front_.png?resize=700%2C400&ssl=1 2x, https:\/\/i0.wp.com\/www.lozt.fr\/wp-content\/uploads\/2024\/08\/DALL%C2%B7E-2024-08-26-15.55.17-A-hyperrealistic-artistic-illustration-focusing-on-a-specific-detail-from-a-train-journey-at-dawn.-The-scene-captures-the-beige-plastic-tray-in-front_.png?resize=1050%2C600&ssl=1 3x, https:\/\/i0.wp.com\/www.lozt.fr\/wp-content\/uploads\/2024\/08\/DALL%C2%B7E-2024-08-26-15.55.17-A-hyperrealistic-artistic-illustration-focusing-on-a-specific-detail-from-a-train-journey-at-dawn.-The-scene-captures-the-beige-plastic-tray-in-front_.png?resize=1400%2C800&ssl=1 4x"},"classes":[]},{"id":1109,"url":"https:\/\/www.lozt.fr\/index.php\/2020\/09\/09\/quoi-de-neuf-voyages-ordinaires-2\/","url_meta":{"origin":927,"position":1},"title":"Quoi de neuf ? (Voyages ordinaires 2)","author":"Fran\u00e7ois Lozet","date":"9 septembre 2020","format":false,"excerpt":"Dispara\u00eetre, c\u2019est arr\u00eater de donner des nouvelles. Je n\u2019avais pas encore compris se dit L\u00e9o. Je n\u2019avais pas encore compris \u00e0 quel point la narration nous unit les uns aux autres. La narration. Je pensais que \u00e7a parlait du lointain, que \u00e7a nous instruisait de choses qu\u2019on n\u2019a pas v\u00e9cues,\u2026","rel":"","context":"Dans &quot;Voyages ordinaires, extraits&quot;","block_context":{"text":"Voyages ordinaires, extraits","link":"https:\/\/www.lozt.fr\/index.php\/category\/voyages-ordinaires-extraits\/"},"img":{"alt_text":"","src":"https:\/\/i0.wp.com\/www.lozt.fr\/wp-content\/uploads\/2020\/09\/IMG_7112-scaled.jpeg?fit=1187%2C1200&ssl=1&resize=350%2C200","width":350,"height":200,"srcset":"https:\/\/i0.wp.com\/www.lozt.fr\/wp-content\/uploads\/2020\/09\/IMG_7112-scaled.jpeg?fit=1187%2C1200&ssl=1&resize=350%2C200 1x, https:\/\/i0.wp.com\/www.lozt.fr\/wp-content\/uploads\/2020\/09\/IMG_7112-scaled.jpeg?fit=1187%2C1200&ssl=1&resize=525%2C300 1.5x, https:\/\/i0.wp.com\/www.lozt.fr\/wp-content\/uploads\/2020\/09\/IMG_7112-scaled.jpeg?fit=1187%2C1200&ssl=1&resize=700%2C400 2x, https:\/\/i0.wp.com\/www.lozt.fr\/wp-content\/uploads\/2020\/09\/IMG_7112-scaled.jpeg?fit=1187%2C1200&ssl=1&resize=1050%2C600 3x"},"classes":[]},{"id":313,"url":"https:\/\/www.lozt.fr\/index.php\/2016\/12\/06\/lieux-1\/","url_meta":{"origin":927,"position":2},"title":"Lieux (1)","author":"Fran\u00e7ois Lozet","date":"6 d\u00e9cembre 2016","format":false,"excerpt":"Je suis revenu \u00e0 Montmartre ce matin. Les touristes photographiaient l'endroit. Je photographiais mon pass\u00e9. Cela fait maintenant 3 ans que je reviens \u00e0 Paris comme un fant\u00f4me hantant les lieux d'o\u00f9 il a disparu. Je me souviens que quand j'habitais ici, pour \"prendre un taxi\" il m'arrivait plut\u00f4t de\u2026","rel":"","context":"Dans &quot;Lieux&quot;","block_context":{"text":"Lieux","link":"https:\/\/www.lozt.fr\/index.php\/category\/voyages-ordinaires-extraits\/lieux\/"},"img":{"alt_text":"rollworld_02-38-38_12-06-2016","src":"https:\/\/i0.wp.com\/www.lozt.fr\/wp-content\/uploads\/2016\/12\/RollWorld_02-38-38_12-06-2016.jpeg?resize=350%2C200","width":350,"height":200,"srcset":"https:\/\/i0.wp.com\/www.lozt.fr\/wp-content\/uploads\/2016\/12\/RollWorld_02-38-38_12-06-2016.jpeg?resize=350%2C200 1x, https:\/\/i0.wp.com\/www.lozt.fr\/wp-content\/uploads\/2016\/12\/RollWorld_02-38-38_12-06-2016.jpeg?resize=525%2C300 1.5x, https:\/\/i0.wp.com\/www.lozt.fr\/wp-content\/uploads\/2016\/12\/RollWorld_02-38-38_12-06-2016.jpeg?resize=700%2C400 2x"},"classes":[]},{"id":1195,"url":"https:\/\/www.lozt.fr\/index.php\/2021\/03\/29\/aa-des-voyages-ordinaires-2\/","url_meta":{"origin":927,"position":3},"title":"A&rsquo;A, des Voyages ordinaires (2)","author":"Fran\u00e7ois Lozet","date":"29 mars 2021","format":false,"excerpt":"Cette statue est celle du Dieu A\u2019A de l\u2019\u00eele polyn\u00e9sienne de Rurutu. C'est un personnage l\u00e9g\u00e8rement bedonnant, d\u2019un m\u00e8tre vingt environ de hauteur, les bras le long du corps, les mains aux doigts \u00e9cart\u00e9s ramen\u00e9es sur le haut du ventre, avec de courtes pattes, sans pieds, le menton large de\u2026","rel":"","context":"Dans &quot;Voyages ordinaires, extraits&quot;","block_context":{"text":"Voyages ordinaires, extraits","link":"https:\/\/www.lozt.fr\/index.php\/category\/voyages-ordinaires-extraits\/"},"img":{"alt_text":"A'A de Rurutu","src":"https:\/\/i0.wp.com\/www.lozt.fr\/wp-content\/uploads\/2021\/03\/aa-statue-rurutu-british-museum.jpg?fit=525%2C525&ssl=1&resize=350%2C200","width":350,"height":200,"srcset":"https:\/\/i0.wp.com\/www.lozt.fr\/wp-content\/uploads\/2021\/03\/aa-statue-rurutu-british-museum.jpg?fit=525%2C525&ssl=1&resize=350%2C200 1x, https:\/\/i0.wp.com\/www.lozt.fr\/wp-content\/uploads\/2021\/03\/aa-statue-rurutu-british-museum.jpg?fit=525%2C525&ssl=1&resize=525%2C300 1.5x"},"classes":[]},{"id":420,"url":"https:\/\/www.lozt.fr\/index.php\/2017\/04\/25\/memoires-2\/","url_meta":{"origin":927,"position":4},"title":"M\u00e9moires","author":"Fran\u00e7ois Lozet","date":"25 avril 2017","format":false,"excerpt":"On vieillit peut-\u00eatre, mais peut-on vraiment dire que l\u2019on dure\u00a0? On se substitue \u00e0 soi-m\u00eame jour apr\u00e8s jour. Nos amours se m\u00e9tamorphosent. Il arrive qu\u2019ils rompent. Puis la s\u00e9rie de ce que l\u2019on est, de ce qu\u2019on a \u00e9t\u00e9, de ce qu\u2019on sera, reprend. Cela ressemble aux chronophotographies de Jules\u2026","rel":"","context":"Dans &quot;M\u00e9moires&quot;","block_context":{"text":"M\u00e9moires","link":"https:\/\/www.lozt.fr\/index.php\/category\/memoires\/"},"img":{"alt_text":"chronophotographie","src":"https:\/\/i0.wp.com\/www.lozt.fr\/wp-content\/uploads\/2017\/04\/tumblr_n3igajfLBk1qa4q2uo1_500.jpg?resize=350%2C200","width":350,"height":200},"classes":[]},{"id":363,"url":"https:\/\/www.lozt.fr\/index.php\/2017\/01\/28\/autodafes-point-a-la-ligne\/","url_meta":{"origin":927,"position":5},"title":"Autodaf\u00e9s, point \u00e0 la ligne","author":"Fran\u00e7ois Lozet","date":"28 janvier 2017","format":false,"excerpt":"Tout \u00e0 l\u2019heure j\u2019ai ouvert un dictionnaire (et je me rends bien compte que ce simple geste m\u2019assigne \u00e0 une \u00e9poque, tant l\u2019efficacit\u00e9 \u00e9lectronique en vingt ans a boulevers\u00e9 l\u2019ordinaire) pour comme \u00e0 mon habitude surprendre un mot \u00e0 l\u2019improviste. Je suis tr\u00e8s longtemps all\u00e9 aux mots comme d\u2019autres vont\u2026","rel":"","context":"Dans &quot;Lieux&quot;","block_context":{"text":"Lieux","link":"https:\/\/www.lozt.fr\/index.php\/category\/voyages-ordinaires-extraits\/lieux\/"},"img":{"alt_text":"","src":"https:\/\/i0.wp.com\/www.lozt.fr\/wp-content\/uploads\/2017\/01\/IMG_0530-245x300.jpg?resize=350%2C200","width":350,"height":200},"classes":[]}],"_links":{"self":[{"href":"https:\/\/www.lozt.fr\/index.php\/wp-json\/wp\/v2\/posts\/927","targetHints":{"allow":["GET"]}}],"collection":[{"href":"https:\/\/www.lozt.fr\/index.php\/wp-json\/wp\/v2\/posts"}],"about":[{"href":"https:\/\/www.lozt.fr\/index.php\/wp-json\/wp\/v2\/types\/post"}],"author":[{"embeddable":true,"href":"https:\/\/www.lozt.fr\/index.php\/wp-json\/wp\/v2\/users\/1"}],"replies":[{"embeddable":true,"href":"https:\/\/www.lozt.fr\/index.php\/wp-json\/wp\/v2\/comments?post=927"}],"version-history":[{"count":4,"href":"https:\/\/www.lozt.fr\/index.php\/wp-json\/wp\/v2\/posts\/927\/revisions"}],"predecessor-version":[{"id":1031,"href":"https:\/\/www.lozt.fr\/index.php\/wp-json\/wp\/v2\/posts\/927\/revisions\/1031"}],"wp:featuredmedia":[{"embeddable":true,"href":"https:\/\/www.lozt.fr\/index.php\/wp-json\/wp\/v2\/media\/694"}],"wp:attachment":[{"href":"https:\/\/www.lozt.fr\/index.php\/wp-json\/wp\/v2\/media?parent=927"}],"wp:term":[{"taxonomy":"category","embeddable":true,"href":"https:\/\/www.lozt.fr\/index.php\/wp-json\/wp\/v2\/categories?post=927"},{"taxonomy":"post_tag","embeddable":true,"href":"https:\/\/www.lozt.fr\/index.php\/wp-json\/wp\/v2\/tags?post=927"}],"curies":[{"name":"wp","href":"https:\/\/api.w.org\/{rel}","templated":true}]}}